{"id":226003,"date":"2025-10-31T06:00:00","date_gmt":"2025-10-31T05:00:00","guid":{"rendered":"https:\/\/fundacioncarf.org\/?p=226003"},"modified":"2025-10-30T17:26:45","modified_gmt":"2025-10-30T16:26:45","slug":"un-canto-a-maria-ernesto-julia-fundacion-carf","status":"publish","type":"post","link":"https:\/\/fundacioncarf.org\/de\/un-canto-a-maria-ernesto-julia-fundacion-carf\/","title":{"rendered":"Eine Hymne an Maria"},"content":{"rendered":"<p><a href=\"https:\/\/www.linkedin.com\/sharing\/share-offsite\/?url=https%3A%2F%2Fwww.elconfidencialdigital.com%2Freligion%2Fopinion%2Fernesto-julia%2Fun-canto-a-maria%2F20251013023648054014.html%3Futm_medium%3Dsocial%26utm_source%3Dlinkedin%26utm_campaign%3Dshare_button\" target=\"_blank\" rel=\"noopener\"><\/a>Ein kleines Bildnis der Jungfrau von <a href=\"https:\/\/fundacioncarf.org\/la-virgen-de-fatima-luz-de-esperanza\/\" target=\"_blank\" data-type=\"post\" data-id=\"215536\" rel=\"noreferrer noopener\">Fatima<\/a> bedeckten am Samstag, den 11. Oktober, nur eine kleine Fl\u00e4che links vom Altar auf dem Petersplatz in einer klaren Hymne der Liebe zu Maria.<\/p>\n\n\n\n<p>Maria, vielleicht von der Kuppel des Petersdoms aus, blickte \u00fcber den ganzen Platz und erf\u00fcllte die Herzen aller, die sich versammelt hatten, um die Jungfrau Maria zu begleiten. <a href=\"https:\/\/fundacioncarf.org\/el-dia-que-leon-xiv-estuvo-en-pamplona\/\" data-type=\"post\" data-id=\"216016\">Leo XIV.<\/a> in seinem Bittgesuch an die Mutter Gottes um Frieden in der Welt.<\/p>\n\n\n\n<h2 class=\"wp-block-heading\" id=\"todos-junto-a-maria\">Alle zusammen mit Maria<\/h2>\n\n\n\n<p>\u00abHeute Abend haben wir uns im Gebet mit Maria, der Mutter Gottes, versammelt, um f\u00fcr sie zu beten. <a href=\"https:\/\/fundacioncarf.org\/la-figura-historica-de-jesus-de-nazaret\/\" target=\"_blank\" data-type=\"post\" data-id=\"183072\" rel=\"noreferrer noopener\">Jesus<\/a>, wie es die erste Kirche in Jerusalem tat (Apostelgeschichte 1, 14). Wir sind alle vereint, ausdauernd und einm\u00fctig. Wir werden nicht m\u00fcde, f\u00fcr den Frieden einzutreten, ein Geschenk Gottes, das zu unserer Eroberung und unserem Engagement werden muss\u00bb, sagte Papst Leo XIV.<\/p>\n\n\n\n<p>Stille erf\u00fcllte den ganzen Platz; Stille und Ordnung bei den Schritten der Zeremonie. Es war die Feier des Jubil\u00e4ums der marianischen Spiritualit\u00e4t, die die <a href=\"https:\/\/fundacioncarf.org\/jesucristo-esperanza-catequesis-papa-leon-xiv\/\" target=\"_blank\" data-type=\"post\" data-id=\"224012\" rel=\"noreferrer noopener\">Papst<\/a> wollte ein Fest feiern, das f\u00fcr die ganze Welt offen ist, spirituell und geographisch.<\/p>\n\n\n\n<h3 class=\"wp-block-heading\" id=\"una-oracion-universal\">Ein universelles Gebet<\/h3>\n\n\n\n<p>Medien aller Art machten es m\u00f6glich, dass die \u00fcber die ganze Welt verteilte Kirche an diesem Abend \u201cein Herz und eine Seele\u201d war, wobei die <a href=\"https:\/\/fundacioncarf.org\/servir-a-la-iglesia\/\" target=\"_blank\" data-type=\"page\" data-id=\"169919\" rel=\"noreferrer noopener\">Bischof<\/a> von Rom, und \u00f6ffnen Sie die Herzen aller Gl\u00e4ubigen f\u00fcr die Einheit des Glaubens, der Hoffnung und der Liebe, f\u00fcr die der Papst seit dem ersten Tag seines Pontifikats gebetet und uns zum Beten aufgefordert hat.<\/p>\n\n\n\n<figure class=\"wp-block-image size-full is-resized\"><img decoding=\"async\" width=\"750\" height=\"422\" src=\"https:\/\/fundacioncarf.org\/wp-content\/uploads\/2025\/10\/canto-a-maria-virgen-de-fatima-roma-papa-leon.jpeg\" alt=\"canto a mar\u00eda virgen de f\u00e1tima roma papa le\u00f3n\" class=\"wp-image-226009\" style=\"width:787px;height:auto\" srcset=\"https:\/\/fundacioncarf.org\/wp-content\/uploads\/2025\/10\/canto-a-maria-virgen-de-fatima-roma-papa-leon.jpeg 750w, https:\/\/fundacioncarf.org\/wp-content\/uploads\/2025\/10\/canto-a-maria-virgen-de-fatima-roma-papa-leon-300x169.jpeg 300w, https:\/\/fundacioncarf.org\/wp-content\/uploads\/2025\/10\/canto-a-maria-virgen-de-fatima-roma-papa-leon-150x84.jpeg 150w, https:\/\/fundacioncarf.org\/wp-content\/uploads\/2025\/10\/canto-a-maria-virgen-de-fatima-roma-papa-leon-18x10.jpeg 18w\" sizes=\"(max-width: 750px) 100vw, 750px\" \/><\/figure>\n\n\n\n<p>\u00abBetrachten wir die Mutter Jesu und die kleine Gruppe mutiger Frauen am Fu\u00dfe des Kreuzes, damit auch wir lernen, wie sie neben den unendlichen Kreuzen der Welt zu stehen, wo <a href=\"https:\/\/fundacioncarf.org\/santa-misa-se-habran-encontrado-con-cristo\/\" target=\"_blank\" data-type=\"post\" data-id=\"224077\" rel=\"noreferrer noopener\">Christus<\/a> wird weiterhin in seinen Br\u00fcdern und Schwestern gekreuzigt, um ihnen Trost, Herz und Hilfe zu bringen\u00bb, reflektierte der Heilige Vater.<\/p>\n\n\n\n<p>War der Himmel auf den Petersplatz gekommen?<\/p>\n\n\n\n<p>Die Ch\u00f6re hatten die richtige Musik f\u00fcr ein solches Ereignis, und das Gleiche gilt f\u00fcr die Texte des Zweiten Vatikanischen Konzils, die vor der Rezitation jedes Geheimnisses gelesen wurden.<\/p>\n\n\n\n<h3 class=\"wp-block-heading\" id=\"leon-xiv-arrodillado-ante-maria\">Leo XIV, kniend vor Maria<\/h3>\n\n\n\n<p>Ganz zu schweigen von dem Beispiel des Glaubens und der Fr\u00f6mmigkeit, das all die Menschen gaben, die den Platz mit ihrer Hingabe f\u00fcllten. War jede Frau, jeder Mann, begleitet von ihren <a href=\"https:\/\/fundacioncarf.org\/fiesta-arcangeles-miguel-gabriel-y-rafael-29-sep\/\" target=\"_blank\" data-type=\"post\" data-id=\"167793\" rel=\"noreferrer noopener\">Schutzengel<\/a>? Seine Antworten auf Italienisch auf die Worte des Vaterunsers, Ave Maria und Glory Be, die er auf Englisch, Italienisch, Spanisch, Franz\u00f6sisch und Portugiesisch sprach, zeugten von einer geistigen Besinnung und einer Fr\u00f6mmigkeit, die die Seele f\u00fcr einen st\u00e4ndigen Dialog mit der Heiligsten Dreifaltigkeit, Vater, Sohn und Heiliger Geist, \u00f6ffnete. <a href=\"https:\/\/fundacioncarf.org\/misterios-gloriosos-del-santo-rosario\/\" target=\"_blank\" data-type=\"post\" data-id=\"167751\" rel=\"noreferrer noopener\">Heiliger Geist<\/a>.<\/p>\n\n\n\n<p>Leo XIV. blieb w\u00e4hrend der gesamten Dauer der intonierten Marianischen Litanei vor dem Bild der Jungfrau kniend. Er machte sich die Worte zu eigen, die er bei der Meditation vor der Aussetzung des Allerheiligsten Sakraments gesprochen hatte:<\/p>\n\n\n\n<p>\u00abUnser Blick als Gl\u00e4ubige richtet sich auf die Jungfrau Maria, um uns auf unserem Pilgerweg der Hoffnung zu leiten, indem wir ihre \u201cmenschlichen und evangelischen Tugenden betrachten, deren Nachahmung die authentischste Marienverehrung darstellt\u00bb.\u00bb<em>\u00a0<\/em>(Lumen Gentium, 65, 67).<\/p>\n\n\n\n<p>Der Papst las die gesamte Meditation im Stehen, und er tat dies mit gro\u00dfer Gelassenheit und Ruhe. Zweifellos wollte er, dass die Herzen all derer, die ihm in allen Ecken der Welt zuh\u00f6rten, mit Frieden und Gelassenheit erf\u00fcllt werden. <a href=\"https:\/\/fundacioncarf.org\/aprender-roma-universidad-pontificia-santa-cruz\/\" target=\"_blank\" data-type=\"page\" data-id=\"196147\" rel=\"noreferrer noopener\">Roma<\/a>, Die europ\u00e4ischen, italienischen, europ\u00e4ischen, asiatischen, afrikanischen, amerikanischen und ozeanischen L\u00e4nder sollten sich der Verehrung der Jungfrau Maria \u00f6ffnen und sich die Worte des \u201cTestaments\u201d zu eigen machen, das Maria allen Menschen hinterlassen hat:<\/p>\n\n\n\n<blockquote class=\"wp-block-quote is-layout-flow wp-block-quote-is-layout-flow\"><\/blockquote>\n\n\n\n<p><em><strong>\"<\/strong><\/em>Unsere Hoffnung wird durch das sanfte und beharrliche Licht der Worte Marias im Evangelium erhellt. Von allen sind die letzten Worte, die sie bei der Hochzeit zu Kana spricht, besonders wertvoll, als sie auf Jesus zeigt und zu den Dienern sagt: \u201cTut alles, was er euch sagt\u201d (Joh 2:5). <\/p>\n\n\n\n<p>Dann wird er nicht mehr sprechen. Deshalb m\u00fcssen diese Worte, die fast ein Testament sind, den Kindern sehr lieb sein, wie das Testament einer Mutter\u201d (...) \u201cTut alles, was Er euch sagt\u201d: die gesamte <a href=\"https:\/\/fundacioncarf.org\/donar\/que-ninguna-vocacion-se-pierda\/\" target=\"_blank\" data-type=\"page\" data-id=\"179904\" rel=\"noreferrer noopener\">Gospel<\/a>, Das fordernde Wort, die tr\u00f6stende Liebkosung, der Vorwurf und die Umarmung. Das, was Sie verstehen, und auch das, was Sie nicht verstehen. Maria ermahnt uns, wie die Propheten zu sein: kein einziges ihrer Worte ins Leere laufen zu lassen.<\/p>\n\n\n\n<figure class=\"wp-block-embed is-type-video is-provider-youtube wp-block-embed-youtube wp-embed-aspect-16-9 wp-has-aspect-ratio\"><div class=\"wp-block-embed__wrapper\">\n<iframe loading=\"lazy\" title=\"Gebetsvigil und Rosenkranz f\u00fcr den Frieden unter dem Vorsitz von Papst Leo XIV., 11. Oktober 2025\" width=\"500\" height=\"281\" src=\"https:\/\/www.youtube.com\/embed\/CuJ_5ab40Cs?feature=oembed\" frameborder=\"0\" allow=\"accelerometer; autoplay; clipboard-write; encrypted-media; gyroscope; picture-in-picture; web-share\" referrerpolicy=\"strict-origin-when-cross-origin\" allowfullscreen><\/iframe>\n<\/div><\/figure>\n\n\n\n<h3 class=\"wp-block-heading\" id=\"sembradores-de-paz\">S\u00e4er des Friedens<\/h3>\n\n\n\n<p>Und er beendet seine Meditation, indem er uns daran erinnert, dass die <a href=\"https:\/\/fundacioncarf.org\/conoce-fundacion-carf\/\" target=\"_blank\" data-type=\"page\" data-id=\"167416\" rel=\"noreferrer noopener\">Herr<\/a> z\u00e4hlt auf jeden einzelnen von uns, um Frieden in der Welt zu s\u00e4en:<\/p>\n\n\n\n<p>\u00abNur Mut, gehen Sie voran. Sie, die Sie die Voraussetzungen f\u00fcr eine Zukunft des Friedens, der Gerechtigkeit und der Vergebung schaffen, seien Sie sanftm\u00fctig und entschlossen, verlieren Sie nicht den Mut. Die <a href=\"https:\/\/fundacioncarf.org\/cultura-del-cuidado-y-promocion-de-la-paz\/\" data-type=\"post\" data-id=\"183037\">Frieden <\/a>ist ein Weg und Gott geht mit Ihnen. <\/p>\n\n\n\n<p>Der Herr schafft und verbreitet Frieden durch seine friedensstiftenden Freunde, die ihrerseits zu Friedensstiftern werden, zu Werkzeugen seines Friedens\u00bb.<\/p>\n\n\n\n<p>Die Zeremonie endet mit der Anbetung des Allerheiligsten Sakraments. <a href=\"https:\/\/fundacioncarf.org\/benefactores-carf-sin-sacerdotes-no-hay-eucaristia\/\" target=\"_blank\" data-type=\"post\" data-id=\"114344\" rel=\"noreferrer noopener\">Sacramento<\/a>. Ein zentraler Akt der christlichen Fr\u00f6mmigkeit. Und dort lehrte uns Maria, ihren Sohn in der vollen Hingabe der ganzen Liebe, die ihn auf die Erde gebracht hat, zu empfangen: die Eucharistie. Und sie, Maria, ist es, die unsere Seele, unseren K\u00f6rper darauf vorbereitet, den Herrn zu empfangen, so wie sie ihn empfangen hat:<\/p>\n\n\n\n<p>\u00abBete mit uns, treue Frau, Tabernakel des Wortes. Heilig <a href=\"https:\/\/fundacioncarf.org\/donar\/vasos-sagrados\/\" target=\"_blank\" data-type=\"page\" data-id=\"170009\" rel=\"noreferrer noopener\">Maria<\/a>, Mutter der Lebenden, starke, leidende, treue Frau, jungfr\u00e4uliche Braut am Kreuz, wo die Liebe vollendet wird und das Leben entspringt, sei die F\u00fchrerin unserer Verpflichtung zum Dienst (...) Jungfrau des Friedens, Tor der sicheren Hoffnung, nimm die Gebete deiner Kinder an!.<\/p>\n\n\n\n<hr class=\"wp-block-separator has-alpha-channel-opacity\"\/>\n\n\n\n<p><strong>Ernesto Juli\u00e1<\/strong>,&nbsp;<a href=\"mailto:ernesto.julia@gmail.com\" target=\"_blank\" rel=\"noreferrer noopener\">ernesto.julia@gmail.com<\/a><\/p>\n\n\n\n<p>Urspr\u00fcnglich ver\u00f6ffentlicht in&nbsp;<a href=\"https:\/\/www.elconfidencialdigital.com\/religion\/opinion\/ernesto-julia\/un-canto-a-maria\/20251013023648054014.html\" target=\"_blank\" rel=\"noreferrer noopener\">Religion Vertraulich<\/a>.<\/p>\n\n\n\n<hr class=\"wp-block-separator has-alpha-channel-opacity\"\/>\n\n\n\n<div class=\"wp-block-rank-math-toc-block\" id=\"rank-math-toc\"><h2>Inhaltsverzeichnis<\/h2><nav><div><div class=\"\"><a href=\"#todos-junto-a-maria\">Alle zusammen mit Maria<\/a><div><div class=\"\"><a href=\"#una-oracion-universal\">Ein universelles Gebet<\/a><\/div><div class=\"\"><a href=\"#leon-xiv-arrodillado-ante-maria\">Leo XIV, kniend vor Maria<\/a><\/div><div class=\"\"><a href=\"#sembradores-de-paz\">S\u00e4er des Friedens<\/a><\/div><\/div><\/div><\/div><\/nav><\/div>","protected":false},"excerpt":{"rendered":"<p>Stille erf\u00fcllte den ganzen Platz; Stille und Ordnung bei den Schritten der Zeremonie. Es war die Feier des Jubil\u00e4ums der marianischen Spiritualit\u00e4t, die der Papst f\u00fcr die ganze Welt, spirituell und geographisch, offen feiern wollte. <\/p>","protected":false},"author":4,"featured_media":226007,"comment_status":"closed","ping_status":"closed","sticky":false,"template":"","format":"standard","meta":{"_acf_changed":false,"give_campaign_id":0,"footnotes":""},"categories":[13],"tags":[9],"class_list":["post-226003","post","type-post","status-publish","format-standard","has-post-thumbnail","hentry","category-blog","tag-virgen-maria"],"acf":[],"_links":{"self":[{"href":"https:\/\/fundacioncarf.org\/de\/wp-json\/wp\/v2\/posts\/226003","targetHints":{"allow":["GET"]}}],"collection":[{"href":"https:\/\/fundacioncarf.org\/de\/wp-json\/wp\/v2\/posts"}],"about":[{"href":"https:\/\/fundacioncarf.org\/de\/wp-json\/wp\/v2\/types\/post"}],"author":[{"embeddable":true,"href":"https:\/\/fundacioncarf.org\/de\/wp-json\/wp\/v2\/users\/4"}],"replies":[{"embeddable":true,"href":"https:\/\/fundacioncarf.org\/de\/wp-json\/wp\/v2\/comments?post=226003"}],"version-history":[{"count":10,"href":"https:\/\/fundacioncarf.org\/de\/wp-json\/wp\/v2\/posts\/226003\/revisions"}],"predecessor-version":[{"id":226023,"href":"https:\/\/fundacioncarf.org\/de\/wp-json\/wp\/v2\/posts\/226003\/revisions\/226023"}],"wp:featuredmedia":[{"embeddable":true,"href":"https:\/\/fundacioncarf.org\/de\/wp-json\/wp\/v2\/media\/226007"}],"wp:attachment":[{"href":"https:\/\/fundacioncarf.org\/de\/wp-json\/wp\/v2\/media?parent=226003"}],"wp:term":[{"taxonomy":"category","embeddable":true,"href":"https:\/\/fundacioncarf.org\/de\/wp-json\/wp\/v2\/categories?post=226003"},{"taxonomy":"post_tag","embeddable":true,"href":"https:\/\/fundacioncarf.org\/de\/wp-json\/wp\/v2\/tags?post=226003"}],"curies":[{"name":"wp","href":"https:\/\/api.w.org\/{rel}","templated":true}]}}