{"id":225357,"date":"2025-11-03T06:00:00","date_gmt":"2025-11-03T05:00:00","guid":{"rendered":"https:\/\/fundacioncarf.org\/?p=225357"},"modified":"2025-11-12T09:50:39","modified_gmt":"2025-11-12T08:50:39","slug":"san-carlos-borromeo-patron-de-seminaristas","status":"publish","type":"post","link":"https:\/\/fundacioncarf.org\/de\/san-carlos-borromeo-patron-de-seminaristas\/","title":{"rendered":"Der heilige Karl Borrom\u00e4us, Schutzpatron der Priesteramtskandidaten"},"content":{"rendered":"<p>Der heilige Karl Borrom\u00e4us war eine der wichtigsten Pers\u00f6nlichkeiten der katholischen Reformation, auch bekannt als Gegenreformation, im 16. Ein Mann, der in den Reichtum des Adels hineingeboren wurde und sich f\u00fcr Dienst und Strenge entschied.<\/p>\n\n\n\n<p>Sein Leben zeigt, wie ein <strong>Pfarrer<\/strong>, Bewaffnet mit einem eisernen Willen und Glauben kann er helfen, die Kirche zu ver\u00e4ndern. Er wird als vorbildlicher Pastor f\u00fcr seine Liebe zur Kirche in Erinnerung bleiben. <a href=\"https:\/\/fundacioncarf.org\/formacion-de-sacerdotes\/\" data-type=\"link\" data-id=\"https:\/\/fundacioncarf.org\/formacion-de-sacerdotes\/\">Ausbildung von Priesterseminaristen<\/a> und Katechisten.<\/p>\n\n\n\n<h2 class=\"wp-block-heading\" id=\"la-familia-borromeo\">Die Familie Borromeo<\/h2>\n\n\n\n<p>Karl Borrom\u00e4us wurde am 2. Oktober 1538 in der Burg von Arona am Lago Maggiore (Italien) geboren. Seine Familie, die Familie Borromeo, war eine der \u00e4ltesten und einflussreichsten des lombardischen Adels. Sein Vater war Graf Gilberto II Borromeo und seine Mutter Margaret de Medici.<\/p>\n\n\n\n<p>Diese m\u00fctterliche Verwandtschaft sollte einen entscheidenden Einfluss auf sein Schicksal haben. Sein Onkel m\u00fctterlicherseits, Giovanni Angelo Medici, sollte sp\u00e4ter Papst Pius IV. werden. Schon in jungen Jahren zeigte Karl eine bemerkenswerte Fr\u00f6mmigkeit und einen ernsthaften Hang zum Studium, obwohl er an einem leichten Sprachfehler litt.<\/p>\n\n\n\n<p>Bereits im Alter von zw\u00f6lf Jahren wurde er von seiner Familie f\u00fcr die kirchliche Laufbahn bestimmt und erhielt die Tonsur und den Titel eines Empfehlungsabtes. Er studierte <a href=\"https:\/\/fundacioncarf.org\/estudio-derecho-canonico-formacion-cristiana\/\" data-type=\"link\" data-id=\"https:\/\/fundacioncarf.org\/estudio-derecho-canonico-formacion-cristiana\/\">Kirchenrecht<\/a> und Bauingenieurwesen an der Universit\u00e4t von Pavia.<\/p>\n\n\n\n<h2 class=\"wp-block-heading\" id=\"un-cardenal-laico-a-los-22-anos\">Ein Laienkardinal im Alter von 22 Jahren<\/h2>\n\n\n\n<p>Das Leben von <strong>Sankt Karl Borrom\u00e4us<\/strong> im Jahr 1559 ge\u00e4ndert. Nach dem Tod von Papst Paul IV. wurde sein Onkel m\u00fctterlicherseits zum Papst gew\u00e4hlt und nahm den Namen Pius IV. an. Fast sofort rief der neue Papst seinen Neffen nach Rom.<\/p>\n\n\n\n<p>Im Jahr 1560, im Alter von nur 22 Jahren und ohne geweiht worden zu sein <strong>Pfarrer<\/strong> Karl wurde dennoch zum Kardinaldiakon ernannt. Es ist wichtig zu verstehen, dass das Kardinalat zu dieser Zeit oft ein politisches und administratives Amt war. Pius IV. ernannte ihn au\u00dferdem zum Staatssekret\u00e4r des Heiligen Stuhls.<\/p>\n\n\n\n<p>Es wurde, <em>de facto<\/em>, der m\u00e4chtigste Mann der Welt. <a href=\"https:\/\/fundacioncarf.org\/peregrinaciones-roma-tierra-santa-fundacion-carf\/peregrina-carf-roma\/\" data-type=\"link\" data-id=\"https:\/\/fundacioncarf.org\/peregrinaciones-roma-tierra-santa-fundacion-carf\/peregrina-carf-roma\/\">Roma<\/a> nach dem Papst. Er verwaltete die Angelegenheiten des Kirchenstaates, leitete die vatikanische Diplomatie und \u00fcberwachte unz\u00e4hlige Projekte. Er lebte wie ein Renaissance-F\u00fcrst, umgeben von Luxus, obwohl er pers\u00f6nlich seine Fr\u00f6mmigkeit bewahrte.<\/p>\n\n\n\n<figure class=\"wp-block-image size-large is-resized\"><img decoding=\"async\" width=\"823\" height=\"1024\" src=\"https:\/\/fundacioncarf.org\/wp-content\/uploads\/2025\/10\/Orazio_Borgianni_-_St_Carlo_Borromeo_-_WGA2468-823x1024.webp\" alt=\"San Carlos Borromeo de Orazio Borgianni\" class=\"wp-image-225361\" style=\"width:792px;height:auto\" srcset=\"https:\/\/fundacioncarf.org\/wp-content\/uploads\/2025\/10\/Orazio_Borgianni_-_St_Carlo_Borromeo_-_WGA2468-823x1024.webp 823w, https:\/\/fundacioncarf.org\/wp-content\/uploads\/2025\/10\/Orazio_Borgianni_-_St_Carlo_Borromeo_-_WGA2468-241x300.webp 241w, https:\/\/fundacioncarf.org\/wp-content\/uploads\/2025\/10\/Orazio_Borgianni_-_St_Carlo_Borromeo_-_WGA2468-121x150.webp 121w, https:\/\/fundacioncarf.org\/wp-content\/uploads\/2025\/10\/Orazio_Borgianni_-_St_Carlo_Borromeo_-_WGA2468-768x955.webp 768w, https:\/\/fundacioncarf.org\/wp-content\/uploads\/2025\/10\/Orazio_Borgianni_-_St_Carlo_Borromeo_-_WGA2468-10x12.webp 10w, https:\/\/fundacioncarf.org\/wp-content\/uploads\/2025\/10\/Orazio_Borgianni_-_St_Carlo_Borromeo_-_WGA2468.webp 1000w\" sizes=\"(max-width: 823px) 100vw, 823px\" \/><figcaption class=\"wp-element-caption\"><em>Heiliger Karl Borrom\u00e4us<\/em>&nbsp;von&nbsp;<a href=\"https:\/\/es.wikipedia.org\/wiki\/Orazio_Borgianni\" target=\"_blank\" rel=\"noopener\">Orazio Borgianni<\/a>.<\/figcaption><\/figure>\n\n\n\n<h3 class=\"wp-block-heading\" id=\"la-conversion-de-san-carlos-borromeo-y-su-llamada-al-sacerdocio\">Bekehrung und seine Berufung zum Priestertum<\/h3>\n\n\n\n<p>Das Leben von <strong>Sankt Karl Borrom\u00e4us<\/strong> in Rom war zwar verwaltungstechnisch effizient, aber allt\u00e4glich. Doch ein tragisches Ereignis ersch\u00fctterte sein Gewissen: der pl\u00f6tzliche Tod seines \u00e4lteren Bruders Frederick im Jahr 1562.<\/p>\n\n\n\n<p>Dieser Verlust veranlasste ihn, tief \u00fcber die Eitelkeit der Welt nachzudenken. <a href=\"https:\/\/fundacioncarf.org\/thiago-santana-fe-y-esperanza-en-su-camino\/\" data-type=\"link\" data-id=\"https:\/\/fundacioncarf.org\/thiago-santana-fe-y-esperanza-en-su-camino\/\">irdisches Leben<\/a> und die Dringlichkeit der ewigen Erl\u00f6sung. Friedrich war der Erbe der Familie und sein Tod \u00fcbte Druck auf Karl aus, das kirchliche Leben zu verlassen, um f\u00fcr Nachkommen zu sorgen.<\/p>\n\n\n\n<p>Charles verwarf diese Idee. Er erlebte eine tiefe geistliche Bekehrung. Er beschloss, dass er nicht l\u00e4nger ein Laienverwalter mit einem Kardinaltitel sein wollte, sondern ein echter <a href=\"https:\/\/fundacioncarf.org\/san-juan-pablo-ii-y-su-fe-infinita\/\" data-type=\"link\" data-id=\"https:\/\/fundacioncarf.org\/san-juan-pablo-ii-y-su-fe-infinita\/\">Mann Gottes<\/a>. Im Jahr 1563 beantragte er die Ordination und <a href=\"https:\/\/fundacioncarf.org\/cura-de-ars-san-juan-maria-vianney-sacerdotes\/\" data-type=\"link\" data-id=\"https:\/\/fundacioncarf.org\/cura-de-ars-san-juan-maria-vianney-sacerdotes\/\">wurde geweiht <strong>Pfarrer<\/strong><\/a>, und kurz darauf zum Bischof. Sein Leben \u00e4nderte sich radikal: Er nahm einen Lebensstil der extremen Strenge, des Fastens und des Gebets an.<\/p>\n\n\n\n<h3 class=\"wp-block-heading\" id=\"el-motor-del-concilio-de-trento\">Die treibende Kraft hinter dem Konzil von Trient<\/h3>\n\n\n\n<p>Das gro\u00dfe Werk des Pontifikats von Pius IV. war die Wiederaufnahme und Vollendung des <a href=\"https:\/\/ec.aciprensa.com\/wiki\/Concilio_de_Trento\" data-type=\"link\" data-id=\"https:\/\/ec.aciprensa.com\/wiki\/Concilio_de_Trento\" target=\"_blank\" rel=\"noopener\">Rat von Trient<\/a> (1545-1563), die seit Jahren blockiert war. <strong>Heiliger Karl Borrom\u00e4us<\/strong>, In seiner Position im Staatssekretariat war er die diplomatische und organisatorische treibende Kraft, die den Rat in seiner letzten Phase zu einem erfolgreichen Abschluss brachte.<\/p>\n\n\n\n<p>Er war es, der die angespannten Verhandlungen zwischen den europ\u00e4ischen M\u00e4chten (Spanien und Frankreich), den p\u00e4pstlichen Legaten und den Bisch\u00f6fen f\u00fchrte. Seine Hartn\u00e4ckigkeit war der Schl\u00fcssel dazu, dass das Konzil die katholische Lehre gegen\u00fcber der protestantischen Reform definierte und, was entscheidend war, die Dekrete f\u00fcr die interne Reform der Kirche festlegte.<\/p>\n\n\n\n<p>Rat beendet, <strong>Sankt Karl Borrom\u00e4us<\/strong> Er ruhte sich nicht aus. Er widmete sich mit Leib und Seele der Umsetzung seiner Dekrete. Er leitete die Kommission, die den R\u00f6mischen Katechismus (oder Katechismus von Trient) entwarf, ein grundlegendes Instrument zur Unterweisung der Gl\u00e4ubigen und zur Vereinheitlichung der Lehre.<\/p>\n\n\n\n<figure class=\"wp-block-image size-full is-resized\"><img decoding=\"async\" width=\"1000\" height=\"677\" src=\"https:\/\/fundacioncarf.org\/wp-content\/uploads\/2025\/10\/san-carlo-borromeo-regreso-a-milan.webp\" alt=\"\" class=\"wp-image-225362\" style=\"width:792px;height:auto\" srcset=\"https:\/\/fundacioncarf.org\/wp-content\/uploads\/2025\/10\/san-carlo-borromeo-regreso-a-milan.webp 1000w, https:\/\/fundacioncarf.org\/wp-content\/uploads\/2025\/10\/san-carlo-borromeo-regreso-a-milan-300x203.webp 300w, https:\/\/fundacioncarf.org\/wp-content\/uploads\/2025\/10\/san-carlo-borromeo-regreso-a-milan-150x102.webp 150w, https:\/\/fundacioncarf.org\/wp-content\/uploads\/2025\/10\/san-carlo-borromeo-regreso-a-milan-768x520.webp 768w, https:\/\/fundacioncarf.org\/wp-content\/uploads\/2025\/10\/san-carlo-borromeo-regreso-a-milan-18x12.webp 18w\" sizes=\"(max-width: 1000px) 100vw, 1000px\" \/><figcaption class=\"wp-element-caption\"><em>Der triumphale Einzug des Heiligen Karl Borrom\u00e4us in Mailand<\/em>&nbsp;von Filippo Abbiati, Mail\u00e4nder Dom.<\/figcaption><\/figure>\n\n\n\n<h3 class=\"wp-block-heading\" id=\"san-carlos-borromeo-arzobispo-residente-de-milan\">Der heilige Karl Borrom\u00e4us: Residenter Erzbischof von Mailand<\/h3>\n\n\n\n<p>W\u00e4hrend Sie in Rom sind, <strong>Sankt Karl Borrom\u00e4us<\/strong> war im Jahr 1560 zum Erzbischof von Mailand ernannt worden. Doch wie es damals \u00fcblich war, leitete er seine Di\u00f6zese \"in Abwesenheit\" durch Vikare. Er war ein \"Hirte ohne Herde\".<\/p>\n\n\n\n<p>Das Konzil von Trient, an dessen Abschluss er beteiligt war, verbot diese Praxis und verlangte von den Bisch\u00f6fen, in ihren Di\u00f6zesen zu residieren. Getreu seinen Prinzipien bat Karl seinen Onkel, den Papst, ihm zu erlauben, den Ruhm Roms zugunsten des schwierigen Mailands zu verlassen.<\/p>\n\n\n\n<p>Im Jahr 1565 stimmte Pius IV. zu. Der Eintritt von <strong>Sankt Karl Borrom\u00e4us<\/strong> in Mailand markierte den Beginn einer neuen \u00c4ra. Zum ersten Mal seit fast 80 Jahren hatte Mailand einen residierenden Erzbischof.<\/p>\n\n\n\n<p><strong>Die Herausforderung Mailands: eine Di\u00f6zese in Tr\u00fcmmern<\/strong><\/p>\n\n\n\n<p>Die Erzdi\u00f6zese von Mailand, die die <strong>Karl Borrom\u00e4us<\/strong> war ein Spiegelbild der Missst\u00e4nde in der vortridentinischen Kirche. Sie war eine der gr\u00f6\u00dften und reichsten Di\u00f6zesen Europas, aber geistlich befand sie sich in Anarchie.<\/p>\n\n\n\n<p>Der Klerus war tief entspannt und schlecht ausgebildet. Viele <a href=\"https:\/\/fundacioncarf.org\/historias\/\" data-type=\"link\" data-id=\"https:\/\/fundacioncarf.org\/historias\/\">Priester<\/a> Sie hielten sich nicht an das Z\u00f6libat, lebten luxuri\u00f6s oder waren einfach unwissend in Bezug auf grundlegende Lehren. Die religi\u00f6se Unwissenheit des Volkes war gro\u00df. Die Kl\u00f6ster, sowohl die m\u00e4nnlichen als auch die weiblichen, hatten ihre Disziplin verloren und waren zu Zentren des gesellschaftlichen Lebens geworden.<\/p>\n\n\n\n<p><strong>Die unerbittliche Reform des Heiligen Karl Borrom\u00e4us<\/strong><\/p>\n\n\n\n<p><strong>Heiliger Karl Borrom\u00e4us<\/strong> Er setzte die Dekrete von Trient mit \u00fcbermenschlicher Energie um. Seine Methode war klar: besuchen, regeln, formen und <a href=\"https:\/\/fundacioncarf.org\/san-bartolome-apostol-martir-testigo-24-agosto\/\" data-type=\"link\" data-id=\"https:\/\/fundacioncarf.org\/san-bartolome-apostol-martir-testigo-24-agosto\/\">ein Beispiel geben<\/a>.<\/p>\n\n\n\n<p>Er begann damit, sein eigenes erzbisch\u00f6fliches Haus zu reformieren. Er verkaufte die luxuri\u00f6se Einrichtung, reduzierte seine Dienerschaft drastisch und f\u00fchrte ein quasi kl\u00f6sterliches Lebensregime. Sein Beispiel als <a href=\"https:\/\/fundacioncarf.org\/santa-teresa-de-jesus-diez-mensajes-sacerdotes\/\" data-type=\"link\" data-id=\"https:\/\/fundacioncarf.org\/santa-teresa-de-jesus-diez-mensajes-sacerdotes\/\"><strong>Pfarrer<\/strong> Streng<\/a> war sein erstes Reforminstrument.<\/p>\n\n\n\n<p>Er begann mit Pastoralbesuchen und bereiste unerm\u00fcdlich jede der mehr als 800 Pfarreien in seiner Di\u00f6zese, viele davon in schwer zug\u00e4nglichen Bergregionen in den Alpen. Er inspizierte die Kirchen, pr\u00fcfte den Klerus und predigte zu den Menschen.<\/p>\n\n\n\n<p>Um die Reform umzusetzen, berief er zahlreiche Di\u00f6zesansynoden und Provinzr\u00e4te ein, auf denen er strenge Gesetze erlie\u00df, um Missbr\u00e4uche durch Klerus und Laien zu korrigieren. Er scheute die Konfrontation mit dem Adel und den spanischen Gouverneuren nicht, die seine Autorit\u00e4t als Einmischung betrachteten.<\/p>\n\n\n\n<p><strong>Die Einrichtung des Seminars<\/strong><\/p>\n\n\n\n<p><strong>Heiliger Karl Borrom\u00e4us<\/strong> verstand sehr wohl, dass die Reform des <a href=\"https:\/\/fundacioncarf.org\/servir-a-la-iglesia\/\" data-type=\"link\" data-id=\"https:\/\/fundacioncarf.org\/servir-a-la-iglesia\/\">Kirche<\/a> war ohne einen gut ausgebildeten Klerus unm\u00f6glich. Die <a href=\"https:\/\/fundacioncarf.org\/san-jeronimo-biblia-vulgata-amor-palabra-de-dios\/\" data-type=\"link\" data-id=\"https:\/\/fundacioncarf.org\/san-jeronimo-biblia-vulgata-amor-palabra-de-dios\/\">Rat von Trient<\/a> hatte die Schaffung von <a href=\"https:\/\/fundacioncarf.org\/formacion-de-seminaristas-que-estudian\/\" data-type=\"link\" data-id=\"https:\/\/fundacioncarf.org\/formacion-de-seminaristas-que-estudian\/\">Seminare<\/a> f\u00fcr diesen Zweck, aber die Idee war auf einer sehr theoretischen Ebene.<\/p>\n\n\n\n<p>Karl war der absolute Pionier in der praktischen Umsetzung. Er gr\u00fcndete 1564 das gro\u00dfe Priesterseminar in Mailand und machte es zum Vorbild f\u00fcr die gesamte katholische Kirche. Sp\u00e4ter gr\u00fcndete er kleinere Seminare und <a href=\"https:\/\/fundacioncarf.org\/fundacion-carf-y-altomonte-para-la-formacion\/\" data-type=\"link\" data-id=\"https:\/\/fundacioncarf.org\/fundacion-carf-y-altomonte-para-la-formacion\/\">Schulen<\/a> (wie die Helvetier, um Geistliche gegen den Calvinismus auszubilden).<\/p>\n\n\n\n<p>Er legte strenge Regeln f\u00fcr das geistliche, akademische und disziplinarische Leben eines jeden <strong>Seminarist<\/strong>. Ich wollte die Zukunft <strong>Pfarrer<\/strong> war ein Mann des tiefen Gebets, gelehrt in Theologie und moralisch untadelig. Die <a href=\"https:\/\/fundacioncarf.org\/malawi-paul-benson-seminarista-africa\/\" data-type=\"link\" data-id=\"https:\/\/fundacioncarf.org\/malawi-paul-benson-seminarista-africa\/\">Figur des <strong>Seminarist<\/strong> modern<\/a>, ausschlie\u00dflich seiner Ausbildung f\u00fcr den Dienst gewidmet ist, ist ein direktes Erbe der Vision von <strong>Sankt Karl Borrom\u00e4us<\/strong>. Aus diesem Grund wird er als Schutzpatron aller <strong>Seminarist<\/strong>.<\/p>\n\n\n\n<figure class=\"wp-block-image size-full is-resized\"><img decoding=\"async\" width=\"611\" height=\"1000\" src=\"https:\/\/fundacioncarf.org\/wp-content\/uploads\/2025\/10\/Tanzio_Carlo_Borromeo_Domodossola.webp\" alt=\"\" class=\"wp-image-225364\" style=\"width:789px;height:auto\" srcset=\"https:\/\/fundacioncarf.org\/wp-content\/uploads\/2025\/10\/Tanzio_Carlo_Borromeo_Domodossola.webp 611w, https:\/\/fundacioncarf.org\/wp-content\/uploads\/2025\/10\/Tanzio_Carlo_Borromeo_Domodossola-183x300.webp 183w, https:\/\/fundacioncarf.org\/wp-content\/uploads\/2025\/10\/Tanzio_Carlo_Borromeo_Domodossola-92x150.webp 92w, https:\/\/fundacioncarf.org\/wp-content\/uploads\/2025\/10\/Tanzio_Carlo_Borromeo_Domodossola-7x12.webp 7w\" sizes=\"(max-width: 611px) 100vw, 611px\" \/><figcaption class=\"wp-element-caption\"><em>Der heilige Karl Borrom\u00e4us spendet den Pestopfern die Kommunion<\/em>, von Tanzio da Varallo, ca. 1616 (Domodossola, Italien).<\/figcaption><\/figure>\n\n\n\n<p><strong>Ein Priester f\u00fcr sein Volk<\/strong><\/p>\n\n\n\n<p>Der Moment, der das Heldentum von <strong>Sankt Karl Borrom\u00e4us<\/strong> war die schreckliche Pest, die Mailand zwischen 1576 und 1577 heimsuchte, bekannt als die Pest von St. Charles.<\/p>\n\n\n\n<p>Als die Epidemie ausbrach, flohen die zivilen Beh\u00f6rden und die meisten Adligen aus der Stadt, um sich zu retten. <strong>Heiliger Karl Borrom\u00e4us<\/strong> blieb er. Er wurde zum moralischen, geistigen und in vielerlei Hinsicht auch zivilen F\u00fchrer der von Krankheiten geplagten Stadt.<\/p>\n\n\n\n<p>Er organisierte Feldhospit\u00e4ler (Lazarette), versammelte seine treuen Geistlichen und forderte sie auf, sich um die Sterbenden zu k\u00fcmmern. Er selbst ging durch die am st\u00e4rksten infizierten Stra\u00dfen und spendete den Pestkranken die Kommunion und die Letzte \u00d6lung, ohne Angst vor Ansteckung.<\/p>\n\n\n\n<p>Er verkaufte seine verbliebenen Besitzt\u00fcmer, darunter die Wandteppiche in seinem Palast, um Lebensmittel und Medikamente f\u00fcr die Armen zu kaufen. Um den Kranken, die ihr Haus nicht verlassen konnten, den Besuch der Messe zu erm\u00f6glichen, ordnete er an, dass die Eucharistie auf \u00f6ffentlichen Pl\u00e4tzen gefeiert wurde. Seine Gestalt, die barfu\u00df Bu\u00dfprozessionen durch die Stadt f\u00fchrte, wurde zu einer Ikone der Stadt. <a href=\"https:\/\/fundacioncarf.org\/jesucristo-esperanza-catequesis-papa-leon-xiv\/\" data-type=\"link\" data-id=\"https:\/\/fundacioncarf.org\/jesucristo-esperanza-catequesis-papa-leon-xiv\/\">Symbol der Hoffnung<\/a>.<\/p>\n\n\n\n<p><strong>Opposition und Angriff<\/strong><\/p>\n\n\n\n<p>Die Reform der <strong>Sankt Karl Borrom\u00e4us<\/strong> war weder einfach noch beliebt. Seine Strenge brachte ihm m\u00e4chtige Feinde ein. Er geriet st\u00e4ndig mit den spanischen Gouverneuren von Mailand aneinander, die versuchten, seine Zust\u00e4ndigkeit einzuschr\u00e4nken.<\/p>\n\n\n\n<p>Doch der heftigste Widerstand kam aus dem Inneren der Kirche. Die <em>Humiliati<\/em>, Die Br\u00fcder, ein religi\u00f6ser Orden, der moralisch lax geworden war und \u00fcber gro\u00dfen Reichtum verf\u00fcgte, weigerten sich, seine Reform zu akzeptieren. Im Jahr 1569 versuchte ein Mitglied dieses Ordens, Bruder Girolamo Donato Farina, ein Attentat auf ihn zu ver\u00fcben.<\/p>\n\n\n\n<p>W\u00e4hrend <strong>Sankt Karl Borrom\u00e4us<\/strong> W\u00e4hrend er auf den Knien in seiner Kapelle betete, schoss ihm der M\u00f6nch aus n\u00e4chster N\u00e4he mit einer Arkebuse in den R\u00fccken. Wie durch ein Wunder zerriss die Kugel nur sein Gewand und verursachte eine leichte Prellung. Das Volk sah dies als g\u00f6ttliches Zeichen an, und Papst Pius V. hob den Orden der <em>Humiliati <\/em>kurz danach.<\/p>\n\n\n\n<p><strong>Verm\u00e4chtnis, Tod und Heiligsprechung<\/strong><\/p>\n\n\n\n<p>Die st\u00e4ndige Anstrengung, die extremen Bu\u00df\u00fcbungen und die unerm\u00fcdliche Arbeit ersch\u00f6pften die Gesundheit der <strong>Sankt Karl Borrom\u00e4us<\/strong>. Im Jahr 1584, w\u00e4hrend der Durchf\u00fchrung einer <a href=\"https:\/\/fundacioncarf.org\/el-sacerdote-necesita-oracion-direccion-espiritual-y-confesion-frecuentes\/\" data-type=\"link\" data-id=\"https:\/\/fundacioncarf.org\/el-sacerdote-necesita-oracion-direccion-espiritual-y-confesion-frecuentes\/\">spirituelle Auszeit<\/a> auf dem Berg Varallo, erkrankte er an Fieber.<\/p>\n\n\n\n<p>Er kehrte schwer krank nach Mailand zur\u00fcck und starb in der Nacht des 3. November 1584 im Alter von 46 Jahren. Seine letzten Worte waren <em>Ecce venio<\/em> (Hier komme ich).<\/p>\n\n\n\n<p>Sein Ruf als Heiliger war unmittelbar. Die Menschen in Mailand verehrten ihn als den <strong><a href=\"https:\/\/fundacioncarf.org\/marcus-muros-ordenado-sacerdote-el-plan-de-dios\/\" data-type=\"link\" data-id=\"https:\/\/fundacioncarf.org\/marcus-muros-ordenado-sacerdote-el-plan-de-dios\/\">Pfarrer<\/a><\/strong> M\u00e4rtyrer der N\u00e4chstenliebe und der Reform. Der Heiligsprechungsprozess verlief f\u00fcr die damalige Zeit au\u00dferordentlich schnell. Er wurde 1602 seliggesprochen und 1610 von Papst Paul V. heiliggesprochen.<\/p>\n\n\n\n<p><strong>Heiliger Karl Borrom\u00e4us<\/strong> wird allgemein als Schutzpatron der Bisch\u00f6fe, Katecheten und in ganz besonderer Weise aller Bisch\u00f6fe und Katecheten anerkannt. <strong><a href=\"https:\/\/fundacioncarf.org\/ordenacion-diaconal-melwin-thurakal-seminarista\/\" data-type=\"link\" data-id=\"https:\/\/fundacioncarf.org\/ordenacion-diaconal-melwin-thurakal-seminarista\/\">Seminarist<\/a><\/strong> und geistlicher Leiter. Sein Einfluss auf die Definition des <strong>Pfarrer<\/strong> nach dem Tridentinum - gebildet, fromm und seinem Volk verpflichtet - ist unsch\u00e4tzbar.<\/p>\n\n\n\n<figure class=\"wp-block-embed is-type-video is-provider-youtube wp-block-embed-youtube wp-embed-aspect-16-9 wp-has-aspect-ratio\"><div class=\"wp-block-embed__wrapper\">\n<iframe loading=\"lazy\" title=\"Hl. CHARLES BORROMEO - 4 November - LEBEN DER HEILIGEN\" width=\"500\" height=\"281\" src=\"https:\/\/www.youtube.com\/embed\/YrOgY9dUh3A?feature=oembed\" frameborder=\"0\" allow=\"accelerometer; autoplay; clipboard-write; encrypted-media; gyroscope; picture-in-picture; web-share\" referrerpolicy=\"strict-origin-when-cross-origin\" allowfullscreen><\/iframe>\n<\/div><\/figure>\n\n\n\n<hr class=\"wp-block-separator has-alpha-channel-opacity\"\/>\n\n\n\n<div class=\"wp-block-rank-math-toc-block\" id=\"rank-math-toc\"><p><strong>Inhaltsverzeichnis<\/strong><\/p><nav><div><div class=\"\"><a href=\"#la-familia-borromeo\">Die Familie Borromeo<\/a><\/div><div class=\"\"><a href=\"#un-cardenal-laico-a-los-22-anos\">Ein Laienkardinal im Alter von 22 Jahren<\/a><div><div class=\"\"><a href=\"#la-conversion-de-san-carlos-borromeo-y-su-llamada-al-sacerdocio\">Bekehrung und seine Berufung zum Priestertum<\/a><\/div><div class=\"\"><a href=\"#el-motor-del-concilio-de-trento\">Die treibende Kraft hinter dem Konzil von Trient<\/a><\/div><div class=\"\"><a href=\"#san-carlos-borromeo-arzobispo-residente-de-milan\">Der heilige Karl Borrom\u00e4us: Residenter Erzbischof von Mailand<\/a><\/div><\/div><\/div><\/div><\/nav><\/div>","protected":false},"excerpt":{"rendered":"<p>Der heilige Karl Borrom\u00e4us, Pfeiler der Gegenreformation und heiliger Priester. Er ist der Schutzpatron der Seminaristen und hat die Kirche durch seinen Glauben, seine Strenge und seine N\u00e4chstenliebe ver\u00e4ndert. Er war Kardinal, als er noch ein Laie und erst 22 Jahre alt war.<\/p>","protected":false},"author":4,"featured_media":225360,"comment_status":"closed","ping_status":"closed","sticky":false,"template":"","format":"standard","meta":{"_acf_changed":false,"give_campaign_id":0,"footnotes":""},"categories":[13],"tags":[6,10],"class_list":["post-225357","post","type-post","status-publish","format-standard","has-post-thumbnail","hentry","category-blog","tag-vida-cristiana","tag-vida-de-santos"],"acf":[],"_links":{"self":[{"href":"https:\/\/fundacioncarf.org\/de\/wp-json\/wp\/v2\/posts\/225357","targetHints":{"allow":["GET"]}}],"collection":[{"href":"https:\/\/fundacioncarf.org\/de\/wp-json\/wp\/v2\/posts"}],"about":[{"href":"https:\/\/fundacioncarf.org\/de\/wp-json\/wp\/v2\/types\/post"}],"author":[{"embeddable":true,"href":"https:\/\/fundacioncarf.org\/de\/wp-json\/wp\/v2\/users\/4"}],"replies":[{"embeddable":true,"href":"https:\/\/fundacioncarf.org\/de\/wp-json\/wp\/v2\/comments?post=225357"}],"version-history":[{"count":13,"href":"https:\/\/fundacioncarf.org\/de\/wp-json\/wp\/v2\/posts\/225357\/revisions"}],"predecessor-version":[{"id":225898,"href":"https:\/\/fundacioncarf.org\/de\/wp-json\/wp\/v2\/posts\/225357\/revisions\/225898"}],"wp:featuredmedia":[{"embeddable":true,"href":"https:\/\/fundacioncarf.org\/de\/wp-json\/wp\/v2\/media\/225360"}],"wp:attachment":[{"href":"https:\/\/fundacioncarf.org\/de\/wp-json\/wp\/v2\/media?parent=225357"}],"wp:term":[{"taxonomy":"category","embeddable":true,"href":"https:\/\/fundacioncarf.org\/de\/wp-json\/wp\/v2\/categories?post=225357"},{"taxonomy":"post_tag","embeddable":true,"href":"https:\/\/fundacioncarf.org\/de\/wp-json\/wp\/v2\/tags?post=225357"}],"curies":[{"name":"wp","href":"https:\/\/api.w.org\/{rel}","templated":true}]}}