{"id":213494,"date":"2025-03-03T07:00:00","date_gmt":"2025-03-03T06:00:00","guid":{"rendered":"https:\/\/staging.fundacioncarf.org\/?p=213494"},"modified":"2025-03-18T10:19:33","modified_gmt":"2025-03-18T09:19:33","slug":"youtube-vocacion-sacerdote-stephen-sharpe","status":"publish","type":"post","link":"https:\/\/fundacioncarf.org\/de\/youtube-vocacion-sacerdote-stephen-sharpe\/","title":{"rendered":"YouTube, wo Stephen ein Priester wurde"},"content":{"rendered":"<p>\"Auf YouTube h\u00f6rte ich, wie Atheisten behaupteten, das Christentum habe keine logische Grundlage, und mir wurde klar, dass ich die Grundlagen nicht kannte, um meinen Glauben zu verteidigen. <\/p>\n\n\n\n<figure class=\"wp-block-embed is-type-video is-provider-youtube wp-block-embed-youtube wp-embed-aspect-16-9 wp-has-aspect-ratio\"><div class=\"wp-block-embed__wrapper\">\n<iframe loading=\"lazy\" title=\"STEPHEN SHARPE F\u00dcHLTE SICH STARK ZUM PRIESTERTUM BERUFEN ????????\u271d\" width=\"500\" height=\"281\" src=\"https:\/\/www.youtube.com\/embed\/nmNDxCQDlJc?feature=oembed\" frameborder=\"0\" allow=\"accelerometer; autoplay; clipboard-write; encrypted-media; gyroscope; picture-in-picture; web-share\" referrerpolicy=\"strict-origin-when-cross-origin\" allowfullscreen><\/iframe>\n<\/div><\/figure>\n\n\n\n<p>Stephen Sharpe ist ein junger religi\u00f6ser Mann aus Maryland, USA. Er wurde am 5. Januar 1994 geboren. Nach seinem Studium an der Loyola University Maryland<em> <\/em>und in einem Unternehmen f\u00fcr Milit\u00e4rtechnologie arbeitete, entdeckte er, dass seine wahre Berufung nicht in der s\u00e4kularen Welt, sondern im Dienst Gottes lag. W\u00e4hrend eines Studienprogramms in Spanien lernte er die Gemeinschaft der Diener Gottes kennen. <a href=\"https:\/\/www.hogardelamadre.org\/es\/\" data-type=\"link\" data-id=\"https:\/\/www.hogardelamadre.org\/es\/\" target=\"_blank\" rel=\"noreferrer noopener\">Das Haus der Mutter<\/a> und w\u00e4hrend eines Exerzitienkurses f\u00fchlte er sich stark zum Priestertum berufen.<\/p>\n\n\n\n<p>Heute ist er seit sieben Jahren Mitglied dieser Gemeinschaft, hat sich ganz Gott hingegeben und bereitet sich darauf vor, Priester zu werden. <a href=\"https:\/\/es.pusc.it\/\" data-type=\"link\" data-id=\"https:\/\/es.pusc.it\/\" target=\"_blank\" rel=\"noopener\">P\u00e4pstliche Universit\u00e4t vom Heiligen Kreuz<\/a> (PUSC), in Rom, wo er den ersten Zyklus des zweij\u00e4hrigen Prop\u00e4deutikums der Philosophie studiert, bevor er den ersten Zyklus der Theologie beginnt.<\/p>\n\n\n\n<figure class=\"wp-block-image size-full is-resized\"><img decoding=\"async\" width=\"910\" height=\"586\" src=\"https:\/\/fundacioncarf.org\/wp-content\/uploads\/2025\/02\/Stephen-hermano-gemelo.webp\" alt=\"\" class=\"wp-image-213495\" style=\"width:654px;height:auto\" srcset=\"https:\/\/fundacioncarf.org\/wp-content\/uploads\/2025\/02\/Stephen-hermano-gemelo.webp 910w, https:\/\/fundacioncarf.org\/wp-content\/uploads\/2025\/02\/Stephen-hermano-gemelo-300x193.webp 300w, https:\/\/fundacioncarf.org\/wp-content\/uploads\/2025\/02\/Stephen-hermano-gemelo-150x97.webp 150w, https:\/\/fundacioncarf.org\/wp-content\/uploads\/2025\/02\/Stephen-hermano-gemelo-768x495.webp 768w, https:\/\/fundacioncarf.org\/wp-content\/uploads\/2025\/02\/Stephen-hermano-gemelo-18x12.webp 18w\" sizes=\"(max-width: 910px) 100vw, 910px\" \/><\/figure>\n\n\n\n<h3 class=\"wp-block-heading\">Treffen Sie Stephen<\/h3>\n\n\n\n<p>Sein Name ist Bruder Stephen Sharpe, er ist 31 Jahre alt (geboren 1994) und kommt aus Maryland, USA. Er geh\u00f6rt einer Ordensgemeinschaft an, die sich die Diener des Mutterhauses nennt. Er arbeitet seit 7 Jahren f\u00fcr das Heim und konnte in dieser Zeit mit jungen Menschen in Irland, den Vereinigten Staaten und Spanien arbeiten.<\/p>\n\n\n\n<p>Er ist der CARF Foundation zutiefst dankbar, dass sie ihm die M\u00f6glichkeit gegeben hat, sein Studium an der PUSC zu beginnen, wo er sich intellektuell darauf vorbereitet, Priester zu werden. Er liebt seine Berufung als Diener und freut sich darauf, eines Tages der Kirche als Priester zu dienen.<\/p>\n\n\n\n<p>Er hat einen Zwillingsbruder, der auch sein bester Freund ist. Er hat k\u00fcrzlich geheiratet und sie stehen sich trotz der Entfernung immer noch sehr nahe. Er hat auch einen \u00e4lteren Bruder, der seine erste Tochter erwartet. Ihre Mutter, die sie im Glauben erzogen hat, lehrte sie durch ihr Beispiel, wie wichtig es ist, Gott in den Mittelpunkt des Lebens zu stellen.<\/p>\n\n\n\n<h3 class=\"wp-block-heading\">Jugendlicher Zweifel, YouTube und die Sehnsucht, an Gott zu glauben<\/h3>\n\n\n\n<p>W\u00e4hrend seiner Adoleszenz versp\u00fcrte er einen tiefen Durst nach einem tieferen Verst\u00e4ndnis seiner Existenz. Existenzielle Fragen begannen ihn zu besch\u00e4ftigen und er sehnte sich nach Antworten. Im Alter von 15 oder 16 Jahren begann er sich zu fragen: \"...was ist der Sinn des Lebens?<strong>Was ist der Sinn meines Lebens, warum bin ich hier, woher wei\u00df ich, dass Gott wirklich existiert?<\/strong>\"Eines Tages h\u00f6rte er auf YouTube, wie sich Atheisten \u00fcber das Christentum lustig machten und behaupteten, es habe keine logische Grundlage.<\/p>\n\n\n\n<figure class=\"wp-block-image size-full is-resized\"><img decoding=\"async\" width=\"400\" height=\"300\" src=\"https:\/\/fundacioncarf.org\/wp-content\/uploads\/2025\/03\/LoughDerg3.jpg\" alt=\"stephen-sharpe-youtube-vocacion-sacerdote\" class=\"wp-image-214114\" style=\"width:653px;height:auto\" srcset=\"https:\/\/fundacioncarf.org\/wp-content\/uploads\/2025\/03\/LoughDerg3.jpg 400w, https:\/\/fundacioncarf.org\/wp-content\/uploads\/2025\/03\/LoughDerg3-300x225.jpg 300w, https:\/\/fundacioncarf.org\/wp-content\/uploads\/2025\/03\/LoughDerg3-150x113.jpg 150w, https:\/\/fundacioncarf.org\/wp-content\/uploads\/2025\/03\/LoughDerg3-16x12.jpg 16w\" sizes=\"(max-width: 400px) 100vw, 400px\" \/><\/figure>\n\n\n\n<p>Damals wurde ihm klar, dass er die Grundlagen der Verteidigung seines Glaubens nicht kannte und dass er Gefahr lief, ihn zu verlieren, wenn er sich nicht intellektuell weiterbildete. <\/p>\n\n\n\n<p>\"Diese Erkenntnis spornte mich zum Handeln an: Ich begann, die Bibel zu lesen, apologetische B\u00fccher zu lesen, YouTube-Diskussionen anzuschauen und intensiver zu beten und Gott zu bitten, mir zu helfen, meine Verwirrung zu verstehen und mich zu f\u00fchren\", sagt Stephen.<\/p>\n\n\n\n<p>W\u00e4hrend dieser Zeit kam er immer mehr zu der \u00dcberzeugung, dass der Glaube an die Existenz Gottes tats\u00e4chlich eine logische Position ist. Er war nie ein Atheist, aber seine \u00dcberzeugung von der Existenz Gottes wurde fester. \"Als diese Ver\u00e4nderung eintrat, hatte ich den Wunsch, Priester zu werden. Diese Sehnsucht ergriff mein Herz und lie\u00df mich nicht mehr los. Meine \u00dcberlegung war einfach: Wenn Gott existiert, dann ist das Sinnvollste, was ich tun kann, ganz f\u00fcr ihn zu leben, als Priester. Ich habe diesen Wunsch jedoch geheim gehalten und nicht sofort gehandelt.<\/p>\n\n\n\n<figure class=\"wp-block-image size-full is-resized\"><img decoding=\"async\" width=\"900\" height=\"675\" src=\"https:\/\/fundacioncarf.org\/wp-content\/uploads\/2025\/02\/Stephen-Sharp-Sacerdote.webp\" alt=\"\" class=\"wp-image-213502\" style=\"width:584px;height:auto\" srcset=\"https:\/\/fundacioncarf.org\/wp-content\/uploads\/2025\/02\/Stephen-Sharp-Sacerdote.webp 900w, https:\/\/fundacioncarf.org\/wp-content\/uploads\/2025\/02\/Stephen-Sharp-Sacerdote-300x225.webp 300w, https:\/\/fundacioncarf.org\/wp-content\/uploads\/2025\/02\/Stephen-Sharp-Sacerdote-150x113.webp 150w, https:\/\/fundacioncarf.org\/wp-content\/uploads\/2025\/02\/Stephen-Sharp-Sacerdote-768x576.webp 768w, https:\/\/fundacioncarf.org\/wp-content\/uploads\/2025\/02\/Stephen-Sharp-Sacerdote-16x12.webp 16w\" sizes=\"(max-width: 900px) 100vw, 900px\" \/><\/figure>\n\n\n\n<p>Nach dem Highschool-Abschluss besuchte er die Loyola University Maryland, wo er internationale Wirtschaft studierte. Er arbeitete als Praktikant bei Textron, einem US-Milit\u00e4rtechnologieunternehmen, das auf unbemannte Flugzeuge f\u00fcr milit\u00e4rische Zwecke spezialisiert ist. <\/p>\n\n\n\n<p>Trotz dieser Erfolge gab es eine Stimme in seinem Inneren, die ihm sagte, dass er nicht in diese Welt geh\u00f6rte. \"Mein Herz sehnte sich nach etwas anderem: Ich wollte mich ganz Gott hingeben, nicht irgendetwas von dieser Welt. Der Wunsch, Priester zu werden, wurde immer gr\u00f6\u00dfer und nach vier Jahren war er nicht mehr zu ignorieren.<\/p>\n\n\n\n<h3 class=\"wp-block-heading\">Spanien und die Dienerinnen im Haushalt der Mutter<\/h3>\n\n\n\n<p>Die Begegnung mit den Dienerinnen des Hauses der Mutter, einer Gemeinschaft von Seminaristen und Priestern, die von der CARF-Stiftung mit Teilstipendien unterst\u00fctzt werden, wurde durch eine Studienm\u00f6glichkeit in Spanien erm\u00f6glicht.<\/p>\n\n\n\n<p>Die Dienerinnen des Hauses der Mutter sind eine Ordensgemeinschaft, die unter der Inspiration des Evangeliums und dem Charisma ihres Gr\u00fcnders entstanden ist, <a href=\"https:\/\/www.hogardelamadre.org\/es\/quienes-somos\/fundador\/biografia\" data-type=\"link\" data-id=\"https:\/\/www.hogardelamadre.org\/es\/quienes-somos\/fundador\/biografia\" target=\"_blank\" rel=\"noreferrer noopener\">Herr Rafael Alonso<\/a>. Sie f\u00fchlen sich von Gott durch die Jungfrau Maria auserw\u00e4hlt und leben ihre Spiritualit\u00e4t mit einer starken Identifikation mit Jesus Christus, indem sie ihre Seelen zu einem exklusiven Heiligtum f\u00fcr Gott machen. Ihre Berufung basiert auf der Treue zum Papst, der Tradition und dem Lehramt der Kirche.<\/p>\n\n\n\n<p>Ihr Leben dreht sich um die Eucharistie, sie feiern t\u00e4glich die Heilige Messe und nehmen sich Zeit f\u00fcr die Anbetung. Sie praktizieren Gebet, Bu\u00dfe und die <a href=\"https:\/\/fundacioncarf.org\/es\/misterios-dolorosos-del-santo-rosario\/\" data-type=\"link\" data-id=\"https:\/\/fundacioncarf.org\/es\/misterios-dolorosos-del-santo-rosario\/\" target=\"_blank\" rel=\"noreferrer noopener\">Beten des Rosenkranzes<\/a>Sie suchen die Heiligkeit und die Vereinigung mit Gott. Sie folgen auch einem Gemeinschaftsleben, das auf Br\u00fcderlichkeit und Gehorsam basiert, unter der F\u00fchrung des Heiligen Geistes und dem Schutz der Jungfrau Maria. <\/p>\n\n\n\n<p>Seine Aufgabe ist es <a href=\"https:\/\/fundacioncarf.org\/es\/servir-a-la-iglesia\/\" data-type=\"link\" data-id=\"https:\/\/fundacioncarf.org\/es\/servir-a-la-iglesia\/\">im Dienste der Kirche<\/a> mit Freude und selbstloser Liebe und sind sehr aktiv in den sozialen Netzwerken, insbesondere auf YouTube, wo sie mehrere Kan\u00e4le und audiovisuelle Produktionen in verschiedenen Sprachen haben, darunter <a href=\"https:\/\/www.youtube.com\/@cosascatolicas\" data-type=\"link\" data-id=\"https:\/\/www.youtube.com\/@cosascatolicas\" target=\"_blank\" rel=\"noreferrer noopener\">Katholisches Zeug<\/a>wo sie versuchen, das Evangelium auf eine Weise zu pr\u00e4sentieren, die junge Menschen anspricht und gleichzeitig der Lehre der katholischen Kirche treu bleibt.\u00a0<\/p>\n\n\n\n<p>\"Die Begegnung mit den Servants war eine Gnade. Ich hatte die M\u00f6glichkeit, in Spanien zu studieren, dank eines Programms meiner Universit\u00e4t. Ich lebte in Alcal\u00e1 de Henares, wo ich mich in der \u00f6rtlichen Jugendgruppe engagierte und t\u00e4glich die Messe besuchte. Eines Tages traf ich w\u00e4hrend der Messe eine Gruppe von Schwestern, Br\u00fcdern und Priestern, die zu einer Gemeinschaft namens Hogar de la Madre geh\u00f6rten. <\/p>\n\n\n\n<p>Ihre Authentizit\u00e4t, Integrit\u00e4t und ihr Eifer haben mich tief beeindruckt. Einer der Br\u00fcder lud mich zu einem Exerzitienwochenende nach der Methode des heiligen Ignatius von Loyola ein, das von dem Generaloberen Don Felix Lopez geleitet wurde.<\/p>\n\n\n\n<p>Diese Exerzitien wurden zu der tiefgreifendsten spirituellen Erfahrung seines Lebens. \"Ich war \u00fcberw\u00e4ltigt. Als ich \u00fcber das Leben unseres Herrn meditierte, nahm mein Herz die Wahrheiten des Glaubens auf, als w\u00fcrde ich sie zum ersten Mal h\u00f6ren. <\/p>\n\n\n\n<figure class=\"wp-block-image size-full is-resized\"><img decoding=\"async\" width=\"300\" height=\"195\" src=\"https:\/\/fundacioncarf.org\/wp-content\/uploads\/2025\/03\/Captura.3.jpg\" alt=\"stephen-sharpe-youtube-vocacion-sacerdote\" class=\"wp-image-214113\" style=\"width:534px;height:auto\" srcset=\"https:\/\/fundacioncarf.org\/wp-content\/uploads\/2025\/03\/Captura.3.jpg 300w, https:\/\/fundacioncarf.org\/wp-content\/uploads\/2025\/03\/Captura.3-150x98.jpg 150w, https:\/\/fundacioncarf.org\/wp-content\/uploads\/2025\/03\/Captura.3-18x12.jpg 18w\" sizes=\"(max-width: 300px) 100vw, 300px\" \/><\/figure>\n\n\n\n<p>Nach seiner Pensionierung kehrte er in die Vereinigten Staaten zur\u00fcck, um sein Universit\u00e4tsstudium zu beenden, aber er war nicht mehr derselbe. Er hatte entdeckt, wonach er sein ganzes Leben lang gesucht hatte: die F\u00fclle der Wahrheit. Nach reiflicher \u00dcberlegung beschloss er, alles aufzugeben, seine Universit\u00e4tskarriere, seine berufliche Laufbahn, sein Land, um sich dem Mutterhaus anzuschlie\u00dfen und sein Leben ganz Gott zu widmen.<\/p>\n\n\n\n<h3 class=\"wp-block-heading\">Das Priestertum, eine Berufung, die nicht leicht zu haben ist<\/h3>\n\n\n\n<p>Priester zu sein ist keine leichte Berufung, aber sie ist das Ergebnis eines tiefen inneren Kampfes und des Glaubens an Gott:<strong> \"Jesus zu lieben ist das Geheimnis des wahren Gl\u00fccks\".<\/strong>.<\/p>\n\n\n\n<p>Am Anfang war es nicht leicht. Obwohl er den Ruf versp\u00fcrte, Priester zu werden, hatte Stephen mit vielen inneren K\u00e4mpfen zu k\u00e4mpfen. Es war ein gro\u00dfer psychologischer und geistiger Sprung, um \u00fcberhaupt in Erw\u00e4gung zu ziehen, dieser Gemeinschaft beizutreten. Aber je mehr er betete, desto klarer wurde ihm, dass Gott ihn tats\u00e4chlich berufen hatte.<\/p>\n\n\n\n<p>\"Sieben Jahre sp\u00e4ter kann ich ehrlich sagen, dass dies die gl\u00fccklichsten Jahre meines Lebens waren, nicht weil ich nicht gelitten habe, sondern weil ich durch die Hingabe meines Lebens an Gott zu entdecken begann (und immer noch entdecke), dass die Liebe zu Jesus das Geheimnis des wahren Gl\u00fccks ist.<\/p>\n\n\n\n<p>Im Laufe der Jahre war er an mehreren Apostolaten beteiligt und ist zutiefst dankbar, dass er in der Lage ist, an der <em>Santa Croce<\/em> (Santa Cruz), dank der Hilfe der CARF-Stiftung, die so viel f\u00fcr Hunderte von jungen Seminaristen wie ihn getan hat, in der Hoffnung, anderen zu helfen, die Wahrheit von Jesus Christus zu entdecken.<\/p>\n\n\n\n<hr class=\"wp-block-separator has-alpha-channel-opacity\"\/>\n\n\n\n<p><strong>Gerardo Ferrara,<\/strong>&nbsp;Hochschulabsolvent in Geschichte und Politikwissenschaft, spezialisiert auf den Nahen Osten. Vorsitzender der Studentenschaft an der Universit\u00e4t vom Heiligen Kreuz in Rom.<\/p>","protected":false},"excerpt":{"rendered":"<p>Stephen Sharpe, ein Amerikaner, der in Alcal\u00e1 de Henares seine Berufung zum Priester dank Youtube und der Gemeinschaft des Hauses der Mutter entdeckt hat. <\/p>","protected":false},"author":4,"featured_media":213498,"comment_status":"closed","ping_status":"closed","sticky":false,"template":"","format":"standard","meta":{"_acf_changed":false,"give_campaign_id":0,"footnotes":""},"categories":[109],"tags":[240,154,126,120,182],"class_list":["post-213494","post","type-post","status-publish","format-standard","has-post-thumbnail","hentry","category-historias","tag-hogar-de-maria","tag-pusc","tag-roma","tag-sacerdote","tag-testimonio"],"acf":[],"_links":{"self":[{"href":"https:\/\/fundacioncarf.org\/de\/wp-json\/wp\/v2\/posts\/213494","targetHints":{"allow":["GET"]}}],"collection":[{"href":"https:\/\/fundacioncarf.org\/de\/wp-json\/wp\/v2\/posts"}],"about":[{"href":"https:\/\/fundacioncarf.org\/de\/wp-json\/wp\/v2\/types\/post"}],"author":[{"embeddable":true,"href":"https:\/\/fundacioncarf.org\/de\/wp-json\/wp\/v2\/users\/4"}],"replies":[{"embeddable":true,"href":"https:\/\/fundacioncarf.org\/de\/wp-json\/wp\/v2\/comments?post=213494"}],"version-history":[{"count":18,"href":"https:\/\/fundacioncarf.org\/de\/wp-json\/wp\/v2\/posts\/213494\/revisions"}],"predecessor-version":[{"id":214503,"href":"https:\/\/fundacioncarf.org\/de\/wp-json\/wp\/v2\/posts\/213494\/revisions\/214503"}],"wp:featuredmedia":[{"embeddable":true,"href":"https:\/\/fundacioncarf.org\/de\/wp-json\/wp\/v2\/media\/213498"}],"wp:attachment":[{"href":"https:\/\/fundacioncarf.org\/de\/wp-json\/wp\/v2\/media?parent=213494"}],"wp:term":[{"taxonomy":"category","embeddable":true,"href":"https:\/\/fundacioncarf.org\/de\/wp-json\/wp\/v2\/categories?post=213494"},{"taxonomy":"post_tag","embeddable":true,"href":"https:\/\/fundacioncarf.org\/de\/wp-json\/wp\/v2\/tags?post=213494"}],"curies":[{"name":"wp","href":"https:\/\/api.w.org\/{rel}","templated":true}]}}