{"id":212623,"date":"2025-02-12T06:00:00","date_gmt":"2025-02-12T05:00:00","guid":{"rendered":"https:\/\/staging.fundacioncarf.org\/?p=212623"},"modified":"2025-03-03T09:53:41","modified_gmt":"2025-03-03T08:53:41","slug":"father-marwan-necesidad-peregrinos-tierra-santa","status":"publish","type":"post","link":"https:\/\/fundacioncarf.org\/de\/father-marwan-necesidad-peregrinos-tierra-santa\/","title":{"rendered":"Pater Marwan: \"Das Heilige Land braucht Pilger. Wir brauchen ihren Trost\"."},"content":{"rendered":"<p>Als der Konflikt im Heiligen Land begann, war er noch in Rom, aber alle zwei Monate reiste er nach Jerusalem, um seine Sendungen im Heiligen Land zu filmen und aufzunehmen. <a href=\"https:\/\/www.cmc-terrasanta.com\/es\" target=\"_blank\" rel=\"noopener\">Christliches Medienzentrum<\/a>der Kommunikationskanal des&nbsp;<a href=\"https:\/\/www.custodia.org\/es\" target=\"_blank\" rel=\"noopener\">Gewahrsam<\/a>.<\/p>\n\n\n\n<p>In diesem Interview erz\u00e4hlt er uns, wie er den Krieg in Gaza erlebt hat, und teilt mit uns seine Sehnsucht und Begeisterung, Pilger in Israel willkommen zu hei\u00dfen.&nbsp;<\/p>\n\n\n\n<h3 class=\"wp-block-heading\">Der Konflikt im Heiligen Land<\/h3>\n\n\n\n<p>Pater Marwan, immer sehr nah am <a href=\"https:\/\/fundacioncarf.org\/en-tierra-santa-somos-minoria-en-numero\/\">CARF-Stiftung<\/a>sagt er <strong>wie ein Katholik den Konflikt in Israel erlebt hat: <\/strong>\"Zun\u00e4chst einmal m\u00f6chte ich klarstellen, dass der Konflikt nicht zwischen den Pal\u00e4stinensern und den Israelis begonnen hat, sondern zwischen der Hamas und den Israelis, was etwas v\u00f6llig anderes ist. <\/p>\n\n\n\n<p>Als katholischer Christ lebte er <strong>die ganze Sache mit Angst, mit einer Menge Angst<\/strong>nicht zu wissen, wie ihre Zukunft wegen dieses Krieges aussehen w\u00fcrde. Aber was er auch zu sagen hat, ist, dass ein Katholik oder ein Christ in Israel nicht anders ist als jede andere Religion.<\/p>\n\n\n\n<p>Marwan wurde 1974 in Jerusalem in eine \u00f6kumenische Familie hineingeboren (sein Vater war orthodox und seine Mutter katholisch) und wurde von den Melkiten getauft, da der Onkel seiner Mutter ein melkitischer Priester war. Anschlie\u00dfend besuchte er eine renommierte anglikanische Schule in Jerusalem.<\/p>\n\n\n\n<p>Pater Marwan ist israelischer Staatsb\u00fcrger, arabisch-pal\u00e4stinensischer Abstammung, christlichen Glaubens und in verschiedenen Konfessionen und Riten aufgewachsen. Das verleiht ihm eine einzigartige Autorit\u00e4t, um die Eigenheiten der verschiedenen Konfessionen im Heiligen Land sehr gut zu erkl\u00e4ren.<\/p>\n\n\n\n<figure class=\"wp-block-image size-full is-resized\"><img decoding=\"async\" width=\"720\" height=\"400\" src=\"https:\/\/fundacioncarf.org\/wp-content\/uploads\/2025\/02\/peregrinos-tierra-santa-marwuan.jpg\" alt=\"\" class=\"wp-image-212662\" style=\"width:830px;height:auto\" srcset=\"https:\/\/fundacioncarf.org\/wp-content\/uploads\/2025\/02\/peregrinos-tierra-santa-marwuan.jpg 720w, https:\/\/fundacioncarf.org\/wp-content\/uploads\/2025\/02\/peregrinos-tierra-santa-marwuan-300x167.jpg 300w, https:\/\/fundacioncarf.org\/wp-content\/uploads\/2025\/02\/peregrinos-tierra-santa-marwuan-150x83.jpg 150w, https:\/\/fundacioncarf.org\/wp-content\/uploads\/2025\/02\/peregrinos-tierra-santa-marwuan-18x10.jpg 18w\" sizes=\"(max-width: 720px) 100vw, 720px\" \/><\/figure>\n\n\n\n<h3 class=\"wp-block-heading\">Br\u00fcckenbauer f\u00fcr den Frieden <\/h3>\n\n\n\n<p>\"Wenn es einen Krieg gibt, leben wir alle mit den Folgen und leiden alle auf die gleiche Weise. Der einzige Unterschied ist, dass wir versuchen, die <strong>Katholische Christen im Heiligen Land tun in Zeiten des Konflikts ihr Bestes, um Br\u00fcckenbauer f\u00fcr den Frieden zu sein.<\/strong>\", sagt er.<\/p>\n\n\n\n<p>Dieses Engagement und die Mission aller Christen in Jerusalem, auch wenn sie in der Minderheit sind, ist in ihren Herzen verwurzelt. \"Es kommt nicht darauf an, wie viele wir sind, sondern darauf, was wir tun und wie wir es tun. Wir sind Br\u00fcckenbauer des Friedens zwischen den verschiedenen Ethnien, Religionen und Nationalit\u00e4ten der Bev\u00f6lkerung des Heiligen Landes. In der Qualit\u00e4t machen wir den Unterschied\", sagt der Franziskanerpater.<\/p>\n\n\n\n<h3 class=\"wp-block-heading\">Pilger nach dem Waffenstillstand<\/h3>\n\n\n\n<p>Und jetzt, <strong>Worauf freuen Sie sich nach dem Waffenstillstand? Was k\u00f6nnen die Pilger erwarten?<\/strong> Unter den <a href=\"https:\/\/fundacioncarf.org\/peregrinaciones-roma-tierra-santa-fundacion-carf\/\">von der Stiftung CARF organisierte Pilgerreisen<\/a>Eine davon ist die Reise zu den heiligen St\u00e4tten, die vorerst und aufgrund der Situation verschoben wurde.<\/p>\n\n\n\n<p>K\u00fcrzlich appellierten Pater Francesco Patton, Kustos der Heiligen St\u00e4tten, und der Lateinische Patriarch von Jerusalem, Kardinal Pierre-Batista Pizzaballa, an die Pilger, mit Zuversicht zur\u00fcckzukehren und das Land Jesu zu besuchen. <\/p>\n\n\n\n<p>\"Nat\u00fcrlich haben sie das getan, denn sie wissen, dass die heiligen St\u00e4tten immer noch da sind und die Menschen im Heiligen Land immer noch auf christliche Pilger aus aller Welt warten, die sie besuchen\", sagt er. <a href=\"https:\/\/fundacioncarf.org\/en-tierra-santa-somos-minoria-en-numero\/\" data-type=\"link\" data-id=\"https:\/\/fundacioncarf.org\/en-tierra-santa-somos-minoria-en-numero\/\" target=\"_blank\" rel=\"noreferrer noopener\">Vater Marwan<\/a>.<\/p>\n\n\n\n<h3 class=\"wp-block-heading\">Pilger, ein gro\u00dfer Trost<\/h3>\n\n\n\n<p>Pater Marwan besteht darauf, dass die Gefahr des Konflikts vor\u00fcber ist und dass die Christen des Heiligen Landes, die lebendigen Steine, nach mehr als einem Jahr des Krieges gespannt auf die Ankunft von Hunderttausenden von Pilgern warten, um sie zu begr\u00fc\u00dfen und mit ihnen als Br\u00fcder und Schwestern derselben Kirche vereint zu sein.<\/p>\n\n\n\n<p>\"Und ich muss auch sagen, dass die Pilger, die zu den heiligen St\u00e4tten kommen, auf das Leid ihres Volkes aufgrund des Krieges treffen werden, <strong>Aber ich versichere Ihnen, dass seine Anwesenheit f\u00fcr alle ein gro\u00dfer Trost sein wird, f\u00fcr Christen und Nicht-Christen gleicherma\u00dfen.<\/strong><\/p>\n\n\n\n<figure class=\"wp-block-embed is-type-video is-provider-youtube wp-block-embed-youtube wp-embed-aspect-16-9 wp-has-aspect-ratio\"><div class=\"wp-block-embed__wrapper\">\n<iframe loading=\"lazy\" title=\"???????? &quot;CHRISTEN IM HEILIGEN LAND SIND EINE MINORIT\u00c4T AN ZAHL, NICHT AN QUALIT\u00c4T&quot; | Marwan, Israel\" width=\"500\" height=\"281\" src=\"https:\/\/www.youtube.com\/embed\/r6ooFex0XoU?feature=oembed\" frameborder=\"0\" allow=\"accelerometer; autoplay; clipboard-write; encrypted-media; gyroscope; picture-in-picture; web-share\" referrerpolicy=\"strict-origin-when-cross-origin\" allowfullscreen><\/iframe>\n<\/div><\/figure>\n\n\n\n<h3 class=\"wp-block-heading\">Die Gegenwart der Weltkirche sp\u00fcren<\/h3>\n\n\n\n<p>Bruder Marwan ist sich in einer Sache sehr sicher. In dieser Zeit ist es eines der dringendsten Bed\u00fcrfnisse der Christen in Israel, sich als Teil der Weltkirche zu f\u00fchlen.<\/p>\n\n\n\n<p>\"Wissen Sie, manchmal reden die Leute davon, dass wir wirtschaftliche Mittel brauchen, manchmal Gerechtigkeit und Frieden, manchmal sogar psychologische Unterst\u00fctzung. Aber in diesem <strong>In der Nachkriegszeit glaube ich, dass das Wichtigste f\u00fcr das Heilige Land und seine Menschen die internationale Pr\u00e4senz der Weltkirche inmitten des Chaos ist.<\/strong> <\/p>\n\n\n\n<p>Ich glaube, dass die Pr\u00e4senz und das Dabeisein das ist, was wir im Heiligen Land wirklich dringend brauchen. Je mehr christliche Pilger im Land des Heils pr\u00e4sent sind, desto mehr wird die Weltkirche mit ihnen pr\u00e4sent sein.<\/p>\n\n\n\n<p>Hoffen wir, dass dieser Aufruf zu Pilgerreisen zu den heiligen St\u00e4tten, insbesondere in diesem Jahr des Jubil\u00e4ums der Hoffnung, eine Realit\u00e4t wird, die den Christen gro\u00dfen Trost spendet.<\/p>\n\n\n\n<hr class=\"wp-block-separator has-alpha-channel-opacity\"\/>\n\n\n\n<p><strong>Marta Sant\u00edn,<\/strong> Journalist mit Spezialisierung auf Religion.<\/p>","protected":false},"excerpt":{"rendered":"<p>Pater Marwan ist ein Franziskanerpater, der in Jerusalem geboren wurde und lebt. Er studiert Institutionelle Kommunikation an der P\u00e4pstlichen Universit\u00e4t vom Heiligen Kreuz (Rom). <\/p>","protected":false},"author":719,"featured_media":212624,"comment_status":"closed","ping_status":"closed","sticky":false,"template":"","format":"standard","meta":{"_acf_changed":false,"give_campaign_id":0,"footnotes":""},"categories":[109],"tags":[],"class_list":["post-212623","post","type-post","status-publish","format-standard","has-post-thumbnail","hentry","category-historias"],"acf":[],"_links":{"self":[{"href":"https:\/\/fundacioncarf.org\/de\/wp-json\/wp\/v2\/posts\/212623","targetHints":{"allow":["GET"]}}],"collection":[{"href":"https:\/\/fundacioncarf.org\/de\/wp-json\/wp\/v2\/posts"}],"about":[{"href":"https:\/\/fundacioncarf.org\/de\/wp-json\/wp\/v2\/types\/post"}],"author":[{"embeddable":true,"href":"https:\/\/fundacioncarf.org\/de\/wp-json\/wp\/v2\/users\/719"}],"replies":[{"embeddable":true,"href":"https:\/\/fundacioncarf.org\/de\/wp-json\/wp\/v2\/comments?post=212623"}],"version-history":[{"count":4,"href":"https:\/\/fundacioncarf.org\/de\/wp-json\/wp\/v2\/posts\/212623\/revisions"}],"predecessor-version":[{"id":214024,"href":"https:\/\/fundacioncarf.org\/de\/wp-json\/wp\/v2\/posts\/212623\/revisions\/214024"}],"wp:featuredmedia":[{"embeddable":true,"href":"https:\/\/fundacioncarf.org\/de\/wp-json\/wp\/v2\/media\/212624"}],"wp:attachment":[{"href":"https:\/\/fundacioncarf.org\/de\/wp-json\/wp\/v2\/media?parent=212623"}],"wp:term":[{"taxonomy":"category","embeddable":true,"href":"https:\/\/fundacioncarf.org\/de\/wp-json\/wp\/v2\/categories?post=212623"},{"taxonomy":"post_tag","embeddable":true,"href":"https:\/\/fundacioncarf.org\/de\/wp-json\/wp\/v2\/tags?post=212623"}],"curies":[{"name":"wp","href":"https:\/\/api.w.org\/{rel}","templated":true}]}}