{"id":212597,"date":"2025-02-11T06:00:00","date_gmt":"2025-02-11T05:00:00","guid":{"rendered":"https:\/\/staging.fundacioncarf.org\/?p=212597"},"modified":"2025-11-24T13:27:11","modified_gmt":"2025-11-24T12:27:11","slug":"estudio-derecho-canonico-formacion-cristiana","status":"publish","type":"post","link":"https:\/\/fundacioncarf.org\/de\/estudio-derecho-canonico-formacion-cristiana\/","title":{"rendered":"\"Ich studiere Kirchenrecht, um in Brasilien besser helfen und dienen zu k\u00f6nnen\"."},"content":{"rendered":"<p>Angela ist ausgebildet, sie studiert und sie hat eine klare Meinung: \"Ich studiere Kirchenrecht in der <a href=\"https:\/\/es.pusc.it\/\" data-type=\"link\" data-id=\"https:\/\/es.pusc.it\/\" target=\"_blank\" rel=\"noreferrer noopener\">P\u00e4pstliche Universit\u00e4t vom Heiligen Kreuz<\/a>, \u00bbDank der Unterst\u00fctzung der Stiftung CARF\u201c, sagt er mit einem L\u00e4cheln. Don Luis Navarro, ehemaliger Rektor der Universit\u00e4t, betont, wie wichtig es f\u00fcr seine Gemeinschaft und andere kirchliche Bewegungen in Brasilien ist, dass ihre Mitglieder eine angemessene Ausbildung auf kanonischer Ebene erhalten.<\/p>\n\n\n\n<p>Sie wurde am 20. Juni 1984 in Caruaru, einer Stadt im Inneren von Pernambuco (Brasilien), geboren. Sie wuchs in einer katholischen Familie auf und wurde daher immer im Sinne der Lehre der Kirche erzogen. In ihrer fr\u00fchen Kindheit machte sie Glaubenserfahrungen in Gebetsgruppen der Charismatischen Erneuerung und nahm aktiv an den von der Gemeinde gef\u00f6rderten Aktivit\u00e4ten teil, unter anderem in Jugendgruppen.<\/p>\n\n\n\n<figure class=\"wp-block-embed is-type-video is-provider-youtube wp-block-embed-youtube wp-embed-aspect-16-9 wp-has-aspect-ratio\"><div class=\"wp-block-embed__wrapper\">\n<iframe loading=\"lazy\" title=\"ANGELA DE F\u00c1TIMA: ICH MACHE EINE AUSBILDUNG IN KANONISCHEM RECHT, UM MEINEM LAND ZU HELFEN\" width=\"500\" height=\"281\" src=\"https:\/\/www.youtube.com\/embed\/-oL063SJRP4?feature=oembed\" frameborder=\"0\" allow=\"accelerometer; autoplay; clipboard-write; encrypted-media; gyroscope; picture-in-picture; web-share\" referrerpolicy=\"strict-origin-when-cross-origin\" allowfullscreen><\/iframe>\n<\/div><\/figure>\n\n\n\n<p>Als Teenager sp\u00fcrte er, wie sein Glaube erkaltete:<strong> \"Mir fehlte etwas, um meinen Glauben konkreter zu leben\",<\/strong> sagt er.<\/p>\n\n\n\n<p>Wie so oft in der Pubert\u00e4t hatte er das Gef\u00fchl, dass sein Glaube verwelkt war. Obwohl er sich nie von den Sakramenten abwandte, sp\u00fcrte er, dass etwas fehlte, um seinen Glauben konkreter zu leben. Im Alter von 15 Jahren machte er bei einem Seminar \u00fcber das Leben im Heiligen Geist, das aus Treffen mit systematischen und kerygmatischen Themen besteht, die von Gebetsgruppen in seiner Stadt sehr h\u00e4ufig durchgef\u00fchrt werden, eine Erfahrung, die ihresgleichen sucht.<\/p>\n\n\n\n<p>Von diesem Moment an bekam sein Glaube die Bedeutung, die er suchte: \"Jetzt sah ich Christus, den ich immer gekannt hatte, als jemanden, der mir auf lebendige und konkrete Weise nahe war\".<\/p>\n\n\n\n<figure class=\"wp-block-image size-large\"><img decoding=\"async\" width=\"1024\" height=\"768\" src=\"https:\/\/fundacioncarf.org\/wp-content\/uploads\/2025\/02\/angela-de-fatima-alabanza-comunidad-1024x768.webp\" alt=\"\" class=\"wp-image-212616\" srcset=\"https:\/\/fundacioncarf.org\/wp-content\/uploads\/2025\/02\/angela-de-fatima-alabanza-comunidad-1024x768.webp 1024w, https:\/\/fundacioncarf.org\/wp-content\/uploads\/2025\/02\/angela-de-fatima-alabanza-comunidad-300x225.webp 300w, https:\/\/fundacioncarf.org\/wp-content\/uploads\/2025\/02\/angela-de-fatima-alabanza-comunidad-150x113.webp 150w, https:\/\/fundacioncarf.org\/wp-content\/uploads\/2025\/02\/angela-de-fatima-alabanza-comunidad-768x576.webp 768w, https:\/\/fundacioncarf.org\/wp-content\/uploads\/2025\/02\/angela-de-fatima-alabanza-comunidad-16x12.webp 16w, https:\/\/fundacioncarf.org\/wp-content\/uploads\/2025\/02\/angela-de-fatima-alabanza-comunidad.webp 1200w\" sizes=\"(max-width: 1024px) 100vw, 1024px\" \/><\/figure>\n\n\n\n<h3 class=\"wp-block-heading\">Begegnen Sie Ihrer Gemeinschaft<\/h3>\n\n\n\n<p>Jahre sp\u00e4ter hatte er die Gelegenheit, bei einer Karnevalsfreizeit die Gemeinde kennenzulernen. <em>Eis a\u00ed tua M\u00e3e<\/em>-<em>Marias Arbeit<\/em>mit Sitz in Recife, etwas mehr als 100 Kilometer von seiner Heimatstadt entfernt. Es ist ein privater Verein nach di\u00f6zesanem Recht, der 1990 gegr\u00fcndet wurde.<\/p>\n\n\n\n<p>Die Exerzitien wurden von einem Priester geleitet, der eine Schulung \u00fcber die Heilige Dreifaltigkeit gab. Als er in der Gemeinschaft ankam, war er sehr \u00fcberrascht von der Art und Weise, wie die Mitglieder die Menschen willkommen hie\u00dfen, sowie von der Freude und Verf\u00fcgbarkeit, mit der sie ihre Aufgaben erf\u00fcllten. Er beschloss, sich auf den Weg der Berufung zu begeben und trat nach einer Zeit der Begleitung und Entscheidungsfindung 2003 in die interne Gemeinschaft ein.<\/p>\n\n\n\n<p>Nach einer ersten Ausbildung und einer Vertiefung des Charismas der Gemeinschaft \u00fcbernahm sie ihre ersten Verpflichtungen und wurde Jahre sp\u00e4ter in ein Haus der Evangelisierung in Rom geschickt, wo sie noch heute lebt.<\/p>\n\n\n\n<h3 class=\"wp-block-heading\">Studium und Ausbildung im kanonischen Recht<\/h3>\n\n\n\n<p>Das Charisma der Gemeinschaft ist <a href=\"https:\/\/fundacioncarf.org\/pablo-lopez-sacerdote-evangelizar-en-las-redes\/\" data-type=\"link\" data-id=\"https:\/\/fundacioncarf.org\/pablo-lopez-sacerdote-evangelizar-en-las-redes\/\">evangelisieren<\/a> in jeder Hinsicht mit Freude. Sie versucht, der \u00f6rtlichen Kirche in ihren Bed\u00fcrfnissen zu dienen, indem sie alle einl\u00e4dt, die Jungfrau Maria in ihr Haus zu holen und durch sie eine Erfahrung mit dem auferstandenen Christus zu machen. Als Antwort auf diesen Ruf entwickelt Angela die Mission in der Pfarrei St. Faustina, die sich am Rande der Stadt befindet, mit verschiedenen Aktivit\u00e4ten, sowohl denen der Charismatischen Erneuerung als auch anderen, die in der lokalen Realit\u00e4t notwendig sind.<\/p>\n\n\n\n<p>F\u00fcr Angela war es von grundlegender Bedeutung, den Kurs Kirchliche Bewegungen: eine Realit\u00e4t auf dem Weg an der P\u00e4pstlichen Universit\u00e4t vom Heiligen Kreuz zu entdecken, der einerseits den Mitgliedern der neuen kirchlichen Bewegungen helfen soll, den Wert dieser Realit\u00e4ten besser zu verstehen, um ihre harmonische Einf\u00fcgung in das Leben des Volkes Gottes zu erleichtern, was ein Ausdruck kirchlicher Reife ist, und andererseits zur Kenntnis dieser charismatischen Realit\u00e4ten unter allen kirchlichen Akteuren, insbesondere den juristischen, beitragen soll.<\/p>\n\n\n\n<p>Der Kurs deckt alle theologischen, lehramtlichen und kanonischen Grundlagen ab und befasst sich mit der Identit\u00e4t, den Merkmalen, der Mission und der Beziehung der Bewegungen zu den Teilkirchen; der kanonischen Konfiguration der Bewegungen; der rechtlichen Situation ihrer Mitglieder, den Aspekten der Leitung und der Ausbildung; der Pr\u00e4senz des Klerus und des geweihten Lebens sowie der Vorbeugung und Korrektur von Missbr\u00e4uchen, was f\u00fcr die Kirche sehr wichtig ist.<\/p>\n\n\n\n<p>\"Vor ein paar Jahren erz\u00e4hlte uns ein Freund von einem Kurzkurs \u00fcber kirchliche Bewegungen in der Kirche, der von der <em>P\u00e4pstliche Universit\u00e4t vom Heiligen Kreuz<\/em>. Wir nahmen an dem Kurs teil, eine Schwester aus der Gemeinschaft und ich, und w\u00e4hrend der wenigen Monate, die er dauerte, konnten wir erkennen, dass wir das Bed\u00fcrfnis hatten, tiefer zu ergr\u00fcnden, wer wir in der Kirche sind und wie wir unseren Weg verbessern k\u00f6nnen. In Anbetracht dessen und auch motiviert durch den ehemaligen Rektor derselben Universit\u00e4t, Prof. Luis Navarro, begannen wir mit dem Gedanken, Kirchenrecht zu studieren.<\/p>\n\n\n\n<figure class=\"wp-block-image size-full\"><img decoding=\"async\" width=\"2048\" height=\"1536\" src=\"https:\/\/fundacioncarf.org\/wp-content\/uploads\/2025\/02\/angela-torres-de-fatima.jpg\" alt=\"angela de fatima brasil derecho can\u00f3nico formaci\u00f3n\" class=\"wp-image-213706\" srcset=\"https:\/\/fundacioncarf.org\/wp-content\/uploads\/2025\/02\/angela-torres-de-fatima.jpg 2048w, https:\/\/fundacioncarf.org\/wp-content\/uploads\/2025\/02\/angela-torres-de-fatima-300x225.jpg 300w, https:\/\/fundacioncarf.org\/wp-content\/uploads\/2025\/02\/angela-torres-de-fatima-1024x768.jpg 1024w, https:\/\/fundacioncarf.org\/wp-content\/uploads\/2025\/02\/angela-torres-de-fatima-150x113.jpg 150w, https:\/\/fundacioncarf.org\/wp-content\/uploads\/2025\/02\/angela-torres-de-fatima-768x576.jpg 768w, https:\/\/fundacioncarf.org\/wp-content\/uploads\/2025\/02\/angela-torres-de-fatima-1536x1152.jpg 1536w, https:\/\/fundacioncarf.org\/wp-content\/uploads\/2025\/02\/angela-torres-de-fatima-16x12.jpg 16w\" sizes=\"(max-width: 2048px) 100vw, 2048px\" \/><\/figure>\n\n\n\n<p>Nach Abschluss des erforderlichen Prop\u00e4deutikums im <em>Istituto Superiore di Scienze Religiose<\/em>Angela ist im zweiten Jahr ihres Studiums des kanonischen Rechts. Die Art und Weise, in der die <em>Santa Croce<\/em> Sie sieht mehr und mehr die Notwendigkeit einer guten Ausbildung und ist Gott dankbar f\u00fcr die M\u00f6glichkeit, solch wertvolles Wissen zu erhalten.<\/p>\n\n\n\n<p>Tats\u00e4chlich ist Brasilien mit \u00fcber 120 Millionen Einwohnern das Land mit den meisten Katholiken der Welt. Es gibt auch zahlreiche katholische charismatische Bewegungen, die von gro\u00dfen Gruppierungen wie der Charismatischen Erneuerung bis hin zu kleineren Gruppen reichen.<\/p>\n\n\n\n<p>Diese Bewegungen bringen Millionen von Gl\u00e4ubigen zusammen und bieten eine intensive und transformative Glaubenserfahrung, die das Leben der Kirche belebt. Ihr schnelles Wachstum und ihre Vielfalt bergen jedoch auch Risiken, wie etwa m\u00f6gliche Abweichungen von der Lehre, sektiererische Praktiken, Machtmissbrauch und emotionale Manipulation. Es ist daher unerl\u00e4sslich, dass sowohl die kirchlichen Beh\u00f6rden als auch die Bewegungen selbst eine harmonische Integration und Wachsamkeit f\u00f6rdern, um die Treue zur offiziellen Lehre und das Wohl ihrer Mitglieder zu gew\u00e4hrleisten.<\/p>\n\n\n\n<p>\"Angesichts dieses Reichtums und der Unterschiedlichkeit der Charismen und Spiritualit\u00e4ten ist es meine Absicht, nicht nur meiner Gemeinschaft, sondern auch diesen Bewegungen in Brasilien zu helfen, damit wir dem Ruf, den der Herr an uns gerichtet hat, besser dienen und treu sein k\u00f6nnen\", sagt Angela.<\/p>\n\n\n\n<p>Hierf\u00fcr ist sie dem <a href=\"https:\/\/fundacioncarf.org\/donar\/\" data-type=\"page\" data-id=\"170000\">CARF-Stiftung<\/a> daf\u00fcr, dass Sie ihnen diese gro\u00dfartige Chance auf eine Ausbildung gegeben haben, die nicht nur ihrer Gemeinschaft, sondern ihrem ganzen Land helfen wird. \"M\u00f6ge Gott Sie immer segnen und die gro\u00dfartige Arbeit, der Sie sich widmen, segnen\".<\/p>\n\n\n\n<hr class=\"wp-block-separator has-alpha-channel-opacity\"\/>\n\n\n\n<p><strong>Gerardo Ferrara,<\/strong> Hochschulabschluss in Geschichte und Politikwissenschaft, Spezialisierung auf den Nahen Osten.<br>Verantwortlich f\u00fcr Studenten an der Universit\u00e4t vom Heiligen Kreuz in Rom.<\/p>\n\n\n\n<p><\/p>","protected":false},"excerpt":{"rendered":"<p>Angela de F\u00e1tima Torres Monteiro, geboren in Brasilien, entdeckte ihren Glauben im Alter von 15 Jahren wieder und fand ihre Berufung in der Gemeinschaft Eis a\u00ed tua M\u00e3e - Obra de Maria. Heute setzt sie ihre Ausbildung und ihr Studium fort, um ihre Mission in Rom zu erf\u00fcllen.<\/p>","protected":false},"author":719,"featured_media":212598,"comment_status":"closed","ping_status":"closed","sticky":false,"template":"","format":"standard","meta":{"_acf_changed":false,"give_campaign_id":0,"footnotes":""},"categories":[109],"tags":[164,160],"class_list":["post-212597","post","type-post","status-publish","format-standard","has-post-thumbnail","hentry","category-historias","tag-brasil","tag-testimonios"],"acf":[],"_links":{"self":[{"href":"https:\/\/fundacioncarf.org\/de\/wp-json\/wp\/v2\/posts\/212597","targetHints":{"allow":["GET"]}}],"collection":[{"href":"https:\/\/fundacioncarf.org\/de\/wp-json\/wp\/v2\/posts"}],"about":[{"href":"https:\/\/fundacioncarf.org\/de\/wp-json\/wp\/v2\/types\/post"}],"author":[{"embeddable":true,"href":"https:\/\/fundacioncarf.org\/de\/wp-json\/wp\/v2\/users\/719"}],"replies":[{"embeddable":true,"href":"https:\/\/fundacioncarf.org\/de\/wp-json\/wp\/v2\/comments?post=212597"}],"version-history":[{"count":22,"href":"https:\/\/fundacioncarf.org\/de\/wp-json\/wp\/v2\/posts\/212597\/revisions"}],"predecessor-version":[{"id":226734,"href":"https:\/\/fundacioncarf.org\/de\/wp-json\/wp\/v2\/posts\/212597\/revisions\/226734"}],"wp:featuredmedia":[{"embeddable":true,"href":"https:\/\/fundacioncarf.org\/de\/wp-json\/wp\/v2\/media\/212598"}],"wp:attachment":[{"href":"https:\/\/fundacioncarf.org\/de\/wp-json\/wp\/v2\/media?parent=212597"}],"wp:term":[{"taxonomy":"category","embeddable":true,"href":"https:\/\/fundacioncarf.org\/de\/wp-json\/wp\/v2\/categories?post=212597"},{"taxonomy":"post_tag","embeddable":true,"href":"https:\/\/fundacioncarf.org\/de\/wp-json\/wp\/v2\/tags?post=212597"}],"curies":[{"name":"wp","href":"https:\/\/api.w.org\/{rel}","templated":true}]}}