{"id":201215,"date":"2024-12-21T06:00:00","date_gmt":"2024-12-21T05:00:00","guid":{"rendered":"https:\/\/staging.fundacioncarf.org\/?p=201215"},"modified":"2025-11-27T16:48:31","modified_gmt":"2025-11-27T15:48:31","slug":"navidad-en-paises-devastados-por-guerra-y-paz","status":"publish","type":"post","link":"https:\/\/fundacioncarf.org\/de\/navidad-en-paises-devastados-por-guerra-y-paz\/","title":{"rendered":"Weihnachten in 4 vom Krieg gezeichneten L\u00e4ndern"},"content":{"rendered":"<p>Weihnachten ist eine Zeit der Liebe, der Erneuerung und des Friedens. F\u00fcr Millionen von Menschen, die in L\u00e4ndern leben, die von Krieg und bewaffneten Konflikten verw\u00fcstet wurden, ist es jedoch eine zus\u00e4tzliche Herausforderung, an den Frieden zu glauben.<\/p>\n\n\n\n<p>In L\u00e4ndern wie der Ukraine, Israel, dem Libanon oder Nigeria stehen Weihnachtstraditionen neben Schmerz, Unsicherheit und der Suche nach Trost. Die Arbeit von Di\u00f6zesan- oder Missionspriestern ist in diesen Kontexten von entscheidender Bedeutung, denn sie bieten ein Licht der Hoffnung.<\/p>\n\n\n\n<p>Die CARF Foundation unterst\u00fctzt die ganzheitliche Ausbildung dieser Priester und stattet sie mit den notwendigen Mitteln aus, damit sie auch unter den widrigsten Bedingungen ihren Dienst tun k\u00f6nnen.<\/p>\n\n\n\n<figure class=\"wp-block-image size-large\"><img decoding=\"async\" src=\"https:\/\/cloudfront-eu-central-1.images.arcpublishing.com\/prisa\/LXXSNLDL4YESVC7HDTFMVCQX5Y.jpg\" alt=\"\"\/><\/figure>\n\n\n\n<h2 class=\"wp-block-heading\">Weihnachten in der Ukraine: ein Aufruf zum Glauben in der K\u00e4lte<\/h2>\n\n\n\n<p>In der Ukraine findet Weihnachten inmitten eines Krieges statt, der Millionen von Menschen vertrieben hat. Familien, die vom Konflikt gezeichnet sind, versammeln sich im Untergrund in Unterk\u00fcnften oder in teilweise zerst\u00f6rten Kirchen, um die Geburt Christi zu feiern. Trotz der unfriedlichen Umst\u00e4nde bleibt der Glaube eine Quelle der Kraft und der Hoffnung.<\/p>\n\n\n\n<p>Die <strong>Pater Roman Ostrovskyy, Vizerektor des griechisch-katholischen Priesterseminars in Kiew<\/strong>Er sagte mit Nachdruck: \"Der Glaube hilft uns, auch in den schlimmsten Tagen weiterzumachen\", und unterstrich damit, wie sehr die Spiritualit\u00e4t die ukrainischen Christen in diesen Zeiten der Not unterst\u00fctzt (<a href=\"https:\/\/www.vaticannews.va\/es\/iglesia\/news\/2024-06\/ucrania-sacerdotes-cansados-guerra-pisotea-nuestra-dignidad.html\" target=\"_blank\" rel=\"noopener\">Vatikan Nachrichten<\/a>).<\/p>\n\n\n\n<p>Die Kirche in der Ukraine ist nicht nur eine physische, sondern auch eine geistige Zuflucht. In den Pfarreien verteilen die Priester nicht nur Lebensmittel und Kleidung an die Betroffenen, sondern vor allem sprechen sie Worte des Trostes und feiern Messen, die den Menschen in ihren Gemeinden neue Hoffnung geben. Ihre Arbeit st\u00e4rkt nicht nur die ersch\u00f6pften K\u00f6rper, sondern auch die niedergeschlagenen Seelen.<\/p>\n\n\n\n<figure class=\"wp-block-image size-large\"><img decoding=\"async\" src=\"https:\/\/www.humanitas.cl\/images\/revistas\/h90\/alepo-01.jpg\" alt=\"\"\/><\/figure>\n\n\n\n<h2 class=\"wp-block-heading\">Weihnachtstraditionen unter Beschuss in Israel und Syrien<\/h2>\n\n\n\n<p><a href=\"https:\/\/fundacioncarf.org\/peregrinaciones-fundacion-carf\/tierra-santa-peregrina\/\" type=\"link\" id=\"https:\/\/fundacioncarf.org\/peregrinaciones\/tierra-santa-el-viaje-de-tu-vida\/\">Heiliges Land<\/a>Die Wiege des Christentums steht vor einem von Kriegsspannungen gepr\u00e4gten Weihnachtsfest. <strong>In Gaza sind die Christen eine Minderheit, die um den Erhalt ihrer Traditionen k\u00e4mpft.<\/strong> Die Kirchen organisieren Mahnwachen mit knappen Ressourcen, und Krippen werden aufgrund der Knappheit oft aus recycelten Materialien hergestellt.<\/p>\n\n\n\n<p>\"Trotz all dieser gro\u00dfen Gewalt d\u00fcrfen wir nicht vergessen, dass die Botschaft von Weihnachten bleibt, vielleicht in diesem Moment sogar wichtiger denn je. Gott wird aus Liebe Fleisch und vermittelt uns eine neue Art und Weise, in der Welt zu sein, n\u00e4mlich sein Leben aus Liebe f\u00fcr andere zu geben\". (Kardinal Pizzaballa, Weihnachtsbotschaft 2023).<\/p>\n\n\n\n<p>In Israel sind die Pilgerzahlen aufgrund der Konflikte r\u00fcckl\u00e4ufig. Dennoch werden die Feierlichkeiten in Bethlehem, wie das <a href=\"https:\/\/fundacioncarf.org\/misa-del-gallo-historia-significado\/\" data-type=\"link\" data-id=\"https:\/\/fundacioncarf.org\/misa-del-gallo-historia-significado\/\">Mitternachtsmesse<\/a>bleiben ein Symbol der Einheit und des Durchhalteverm\u00f6gens. Die Ausbildung von Priestern, die diese Feiern inmitten von Widrigkeiten leiten k\u00f6nnen, ist eine Aufgabe, bei der die CARF Foundation eine Schl\u00fcsselrolle spielt. <\/p>\n\n\n\n<p>In Gaza schm\u00fccken christliche Familien kleine B\u00e4ume und besuchen die Messe in Kirchen, die von Soldaten umgeben sind. Wie der heilige Josefmaria sagte: \"Solange ich noch atme, werde ich nicht aufh\u00f6ren, die urspr\u00fcngliche Notwendigkeit zu predigen, eine Seele des Gebets zu sein, immer, bei jeder Gelegenheit und auf jede Weise\". <strong>unter den unterschiedlichsten Umst\u00e4nden, denn Gott l\u00e4sst uns nie im Stich.<\/strong> Es ist nicht christlich, die g\u00f6ttliche Freundschaft ausschlie\u00dflich als eine extreme Ressource zu betrachten\". (Freunde Gottes, 242).<\/p>\n\n\n\n<figure class=\"wp-block-image size-large\"><img decoding=\"async\" src=\"https:\/\/www.manosunidas.org\/sites\/default\/files\/imce\/noticias\/manos-unidas-nigeria-situacion-2024-violencia-proyectos-dbvtc-koko_3.jpg\" alt=\"\"\/><figcaption class=\"wp-element-caption\">Nigeria : Don Bosco Vocational Training Centre : Quelle: Manos Unidas.<\/figcaption><\/figure>\n\n\n\n<h2 class=\"wp-block-heading\">Der Kampf um den Frieden in Nigeria<\/h2>\n\n\n\n<p>Nigeria, ein von religi\u00f6sen Konflikten geplagtes Land, erlebt immer wieder ein Weihnachten voller Kontraste und Widerstandsf\u00e4higkeit. Im Norden des Landes, wo Angriffe von Extremistengruppen wie Boko Haram die Vertreibung ganzer Gemeinden erzwungen haben, <strong>Kirchen werden zu Hochburgen des Glaubens<\/strong>. Trotz der Drohungen und der strengen Sicherheitsvorkehrungen nehmen die Christen unbeirrt an der Messe teil und halten ihre Weihnachtstraditionen aufrecht.<\/p>\n\n\n\n<p>Vergebung und Gebet sind ihre Waffen gegen den Hass. Priester in den schlimmsten Konfliktgebieten organisieren n\u00e4chtliche Mahnwachen, damit die Familien zusammenkommen und f\u00fcreinander beten k\u00f6nnen. <a href=\"https:\/\/fundacioncarf.org\/oracion-en-tiempos-inciertos\/\" data-type=\"link\" data-id=\"https:\/\/fundacioncarf.org\/oracion-en-tiempos-inciertos\/\">Gebet<\/a> in einer Atmosph\u00e4re der relativen Sicherheit. Diese Versammlungen bieten nicht nur einen Raum f\u00fcr Gottesdienste, sondern auch eine Zeit des Trostes und der Hoffnung inmitten von Widrigkeiten.<\/p>\n\n\n\n<p>Weihnachten ist in Nigeria nicht nur eine Zeit des Feierns, sondern auch eine Zeit der Bekr\u00e4ftigung des Glaubens und der Einheit in einer vom Krieg tief verwundeten Gesellschaft. Christliche Gemeinschaften zeigen, dass <strong>das Licht der Geburt Christi kann selbst an den dunkelsten Orten leuchten<\/strong>Sie bringen denen Trost und Kraft, die den Frieden am meisten brauchen.<\/p>\n\n\n\n<figure class=\"wp-block-image size-large\"><img decoding=\"async\" width=\"1024\" height=\"683\" src=\"https:\/\/fundacioncarf.org\/wp-content\/uploads\/2024\/12\/chico-joven-edificio-ruinas-esperanza-1024x683.jpg\" alt=\"\" class=\"wp-image-201217\" srcset=\"https:\/\/fundacioncarf.org\/wp-content\/uploads\/2024\/12\/chico-joven-edificio-ruinas-esperanza-1024x683.jpg 1024w, https:\/\/fundacioncarf.org\/wp-content\/uploads\/2024\/12\/chico-joven-edificio-ruinas-esperanza-300x200.jpg 300w, https:\/\/fundacioncarf.org\/wp-content\/uploads\/2024\/12\/chico-joven-edificio-ruinas-esperanza-150x100.jpg 150w, https:\/\/fundacioncarf.org\/wp-content\/uploads\/2024\/12\/chico-joven-edificio-ruinas-esperanza-768x512.jpg 768w, https:\/\/fundacioncarf.org\/wp-content\/uploads\/2024\/12\/chico-joven-edificio-ruinas-esperanza-18x12.jpg 18w, https:\/\/fundacioncarf.org\/wp-content\/uploads\/2024\/12\/chico-joven-edificio-ruinas-esperanza.jpg 1200w\" sizes=\"(max-width: 1024px) 100vw, 1024px\" \/><figcaption class=\"wp-element-caption\">Foto von <a href=\"https:\/\/unsplash.com\/es\/@khalidkwaik?utm_content=creditCopyText&amp;utm_medium=referral&amp;utm_source=unsplash\" target=\"_blank\" rel=\"noopener\">Khalid Kwaik<\/a> unter <a href=\"https:\/\/unsplash.com\/es\/fotos\/un-hombre-de-pie-frente-a-un-monton-de-escombros-t7RtOKho3u8?utm_content=creditCopyText&amp;utm_medium=referral&amp;utm_source=unsplash\" target=\"_blank\" rel=\"noopener\">Unsplash<\/a>.<\/figcaption><\/figure>\n\n\n\n<h2 class=\"wp-block-heading\">Weihnachten im Libanon: Hoffnung inmitten der Tr\u00fcmmer<\/h2>\n\n\n\n<p>Der Libanon, ein Land, das tief von der Wirtschaftskrise und den Folgen tragischer Explosionen betroffen ist, feiert Weihnachten mit Demut und Geduld. Viele Familien schm\u00fccken behelfsm\u00e4\u00dfige B\u00e4ume aus recycelten Materialien und bereiten mit dem Wenigen, das ihnen zur Verf\u00fcgung steht, ein Abendessen zu und zeigen damit, dass wahre Weihnachtsstimmung \u00fcber materielle Not hinausgeht.<\/p>\n\n\n\n<p>In Beirut spielen die Kirchen eine entscheidende Rolle, indem sie Konzerte, Mahnwachen und Gemeinschaftsaktivit\u00e4ten organisieren, die an die tiefe Bedeutung der Jahreszeit erinnern. \"Inmitten des Leids l\u00e4dt uns Weihnachten ein, ein Licht f\u00fcr andere zu sein\", sagte Papst Franziskus in seiner Botschaft am 25. Dezember 2020 im Petersdom und bezog sich dabei auf den Aufruf, unsere Herzen f\u00fcr die Bed\u00fcrftigsten zu \u00f6ffnen.<\/p>\n\n\n\n<p>Die Di\u00f6zesanpriester im Libanon sind aktive Zeugen dieser <a href=\"https:\/\/fundacioncarf.org\/discurso-papa-francisco-la-valentia-esperanza\/\" data-type=\"link\" data-id=\"https:\/\/fundacioncarf.org\/discurso-papa-francisco-la-valentia-esperanza\/\">Hoffnung<\/a>. Durch ihr t\u00e4gliches Handeln bieten sie spirituelle und materielle Unterst\u00fctzung und bringen eine Botschaft des Trostes und des Glaubens in Gemeinschaften, die mit Unsicherheit und Not konfrontiert sind. Ihre Arbeit unterstreicht, wie wichtig es ist, Christus in anderen zu sehen.<\/p>\n\n\n\n<figure class=\"wp-block-image size-large\"><img decoding=\"async\" width=\"1024\" height=\"683\" src=\"https:\/\/fundacioncarf.org\/wp-content\/uploads\/2024\/11\/orar-por-los-sacerdotes-1024x683.jpg\" alt=\"C\u00f3mo y qu\u00e9 orar por los sacerdotes\" class=\"wp-image-200185\" srcset=\"https:\/\/fundacioncarf.org\/wp-content\/uploads\/2024\/11\/orar-por-los-sacerdotes-1024x683.jpg 1024w, https:\/\/fundacioncarf.org\/wp-content\/uploads\/2024\/11\/orar-por-los-sacerdotes-300x200.jpg 300w, https:\/\/fundacioncarf.org\/wp-content\/uploads\/2024\/11\/orar-por-los-sacerdotes-150x100.jpg 150w, https:\/\/fundacioncarf.org\/wp-content\/uploads\/2024\/11\/orar-por-los-sacerdotes-768x512.jpg 768w, https:\/\/fundacioncarf.org\/wp-content\/uploads\/2024\/11\/orar-por-los-sacerdotes-18x12.jpg 18w, https:\/\/fundacioncarf.org\/wp-content\/uploads\/2024\/11\/orar-por-los-sacerdotes.jpg 1200w\" sizes=\"(max-width: 1024px) 100vw, 1024px\" \/><\/figure>\n\n\n\n<h3 class=\"wp-block-heading\">Die integrierende Rolle der CARF Foundation<\/h3>\n\n\n\n<p>In solchen Kontexten ist die Rolle der Priester entscheidend. Sie leiten nicht nur die liturgischen Feiern, sondern bieten auch emotionale und spirituelle Unterst\u00fctzung. <strong>Der Auftrag der CARF Foundation ist die ganzheitliche Ausbildung von Seminaristen und Di\u00f6zesanpriestern.<\/strong>um sicherzustellen, dass sie auch unter den widrigsten Bedingungen einsatzbereit sind.<\/p>\n\n\n\n<p>Jede Spende an die CARF-Stiftung tr\u00e4gt direkt zu den Kosten dieser umfassenden Ausbildung von armen Di\u00f6zesanpriestern auf der ganzen Welt bei. Dank dieser Arbeit ist es m\u00f6glich, die Botschaft Jesu von Frieden und Hoffnung selbst in die am st\u00e4rksten vom Krieg gezeichneten Gebiete zu bringen.<\/p>\n\n\n\n<h3 class=\"wp-block-heading\">Wie k\u00f6nnen wir L\u00e4ndern im Krieg helfen?<\/h3>\n\n\n\n<ul class=\"wp-block-list\">\n<li>Durch die Erstellung eines <a href=\"https:\/\/fundacioncarf.org\/donar\/\" data-type=\"link\" data-id=\"https:\/\/fundacioncarf.org\/donar\/\">Spende<\/a>Ihr Beitrag erm\u00f6glicht es, mehr Priester auszubilden und geistlichen Trost an Orte zu bringen, an denen Konflikte herrschen.<\/li>\n\n\n\n<li>Teilen Sie diese Nachricht: Helfen Sie mit, die Arbeit der CARF Foundation bekannt zu machen, um mehr Menschen zu erreichen.<\/li>\n\n\n\n<li>Beten Sie f\u00fcr sie: Ihr Gebet ist eine unersetzliche Unterst\u00fctzung f\u00fcr die Menschen, die inmitten von Konflikten leben.<\/li>\n<\/ul>\n\n\n\n<p>Weihnachten bleibt selbst in den vom Krieg gezeichneten L\u00e4ndern ein Leuchtfeuer der Hoffnung. In kriegsgebeutelten L\u00e4ndern finden christliche Gemeinschaften Trost in ihrem Glauben, angef\u00fchrt von engagierten Priestern, die sich unvorstellbaren Herausforderungen stellen. <\/p>\n\n\n\n<p>Die CARF Foundation l\u00e4dt Sie ein, sich an dieser Mission zu beteiligen, indem Sie helfen, diejenigen auszubilden, die den Frieden Christi in die Welt bringen. Ihre Unterst\u00fctzung kann einen Unterschied machen. Die Freude des Menschen liegt im Geben, nicht im Nehmen, und das ist der Geist von Weihnachten, ein Geist, der uns erlaubt, mit denen zu teilen, die es am meisten brauchen.<\/p>","protected":false},"excerpt":{"rendered":"<p>Weihnachten und Krieg stehen im Widerspruch zueinander. Im Angesicht von Hoffnung und Liebe trauern und leiden wir, wenn wir sehen, wie L\u00e4nder durch den Schrecken des fehlenden Friedens verw\u00fcstet werden.<\/p>","protected":false},"author":719,"featured_media":201217,"comment_status":"closed","ping_status":"closed","sticky":false,"template":"","format":"standard","meta":{"_acf_changed":false,"give_campaign_id":0,"footnotes":""},"categories":[13],"tags":[218,221,220,219,223,222],"class_list":["post-201215","post","type-post","status-publish","format-standard","has-post-thumbnail","hentry","category-blog","tag-navidad","tag-nigeria","tag-paises-en-guerra","tag-paz","tag-siria","tag-ucrania"],"acf":[],"_links":{"self":[{"href":"https:\/\/fundacioncarf.org\/de\/wp-json\/wp\/v2\/posts\/201215","targetHints":{"allow":["GET"]}}],"collection":[{"href":"https:\/\/fundacioncarf.org\/de\/wp-json\/wp\/v2\/posts"}],"about":[{"href":"https:\/\/fundacioncarf.org\/de\/wp-json\/wp\/v2\/types\/post"}],"author":[{"embeddable":true,"href":"https:\/\/fundacioncarf.org\/de\/wp-json\/wp\/v2\/users\/719"}],"replies":[{"embeddable":true,"href":"https:\/\/fundacioncarf.org\/de\/wp-json\/wp\/v2\/comments?post=201215"}],"version-history":[{"count":11,"href":"https:\/\/fundacioncarf.org\/de\/wp-json\/wp\/v2\/posts\/201215\/revisions"}],"predecessor-version":[{"id":226838,"href":"https:\/\/fundacioncarf.org\/de\/wp-json\/wp\/v2\/posts\/201215\/revisions\/226838"}],"wp:featuredmedia":[{"embeddable":true,"href":"https:\/\/fundacioncarf.org\/de\/wp-json\/wp\/v2\/media\/201217"}],"wp:attachment":[{"href":"https:\/\/fundacioncarf.org\/de\/wp-json\/wp\/v2\/media?parent=201215"}],"wp:term":[{"taxonomy":"category","embeddable":true,"href":"https:\/\/fundacioncarf.org\/de\/wp-json\/wp\/v2\/categories?post=201215"},{"taxonomy":"post_tag","embeddable":true,"href":"https:\/\/fundacioncarf.org\/de\/wp-json\/wp\/v2\/tags?post=201215"}],"curies":[{"name":"wp","href":"https:\/\/api.w.org\/{rel}","templated":true}]}}