{"id":200551,"date":"2024-11-29T06:00:00","date_gmt":"2024-11-29T05:00:00","guid":{"rendered":"https:\/\/staging.fundacioncarf.org\/?p=200551"},"modified":"2025-12-05T13:13:45","modified_gmt":"2025-12-05T12:13:45","slug":"adviento-tiempo-de-esperanza-y-preparacion","status":"publish","type":"post","link":"https:\/\/fundacioncarf.org\/de\/adviento-tiempo-de-esperanza-y-preparacion\/","title":{"rendered":"Advent: eine Zeit der Hoffnung und der Vorbereitung. 6 Schl\u00fcssel, um sie zu leben"},"content":{"rendered":"<p>Die Adventszeit markiert die vier Wochen vor dem <a href=\"https:\/\/opusdei.org\/es\/article\/libro-electronico-homilias-de-navidad-y-epifania-de-benedicto-xvi\/\" target=\"_blank\" rel=\"noopener\">Weihnachten<\/a>Es ist eine Gelegenheit, nachzudenken, sich wieder mit unserem Glauben zu verbinden und die Erwartung der Menschwerdung Christi mit offenem Herzen zu leben.<\/p>\n\n\n\n<p>Aber wie k\u00f6nnen wir das Beste aus dieser Zeit machen, ohne uns von den Ablenkungen des Konsums, den sozialen Verpflichtungen oder den Alltagssorgen mitrei\u00dfen zu lassen? Hier sind einige Schl\u00fcssel, um den Advent mit Tiefe und Sinn zu leben.<\/p>\n\n\n\n<figure class=\"wp-block-image size-full\"><img decoding=\"async\" width=\"744\" height=\"548\" src=\"https:\/\/fundacioncarf.org\/wp-content\/uploads\/2024\/11\/velas-de-adviento.webp\" alt=\"\" class=\"wp-image-227046\" srcset=\"https:\/\/fundacioncarf.org\/wp-content\/uploads\/2024\/11\/velas-de-adviento.webp 744w, https:\/\/fundacioncarf.org\/wp-content\/uploads\/2024\/11\/velas-de-adviento-300x221.webp 300w, https:\/\/fundacioncarf.org\/wp-content\/uploads\/2024\/11\/velas-de-adviento-150x110.webp 150w, https:\/\/fundacioncarf.org\/wp-content\/uploads\/2024\/11\/velas-de-adviento-16x12.webp 16w\" sizes=\"(max-width: 744px) 100vw, 744px\" \/><\/figure>\n\n\n\n<h2 class=\"wp-block-heading\" id=\"el-significado-del-adviento\">Die Bedeutung des Advents<\/h2>\n\n\n\n<p>Das Wort Advent kommt aus dem Lateinischen <em>adventus<\/em>was Kommen bedeutet. In diesen Wochen l\u00e4dt uns die Kirche ein, unsere Herzen auf zwei wichtige Ereignisse vorzubereiten:<\/p>\n\n\n\n<ul class=\"wp-block-list\">\n<li><strong>Die Feier der Geburt von Jesus<\/strong>Wir erinnern uns an das Geheimnis der Inkarnation, als Gott aus Liebe zu uns Mensch wurde. <\/li>\n\n\n\n<li><strong>Die Wiederkunft Christi<\/strong>Wir erneuern unsere Hoffnung auf seine glorreiche R\u00fcckkehr am Ende der Zeit.<\/li>\n<\/ul>\n\n\n\n<p>Der Advent ist nicht nur ein Countdown bis Weihnachten, sondern auch ein Aufruf zur Umkehr und zur geistigen Vorbereitung. Es ist eine Zeit, in der wir innehalten, meditieren und unser Leben neu auf Gott ausrichten.<\/p>\n\n\n\n<h2 class=\"wp-block-heading\" id=\"claves-para-vivir-el-adviento-con-fe\">Schl\u00fcssel f\u00fcr ein Leben im Advent im Glauben<\/h2>\n\n\n\n<p><strong>1. eine t\u00e4gliche Zeit f\u00fcr das Gebet einplanen<\/strong><\/p>\n\n\n\n<p>Nehmen Sie sich jeden Tag ein paar Minuten Zeit, um mit Gott allein zu sein. Sie k\u00f6nnen die Lesungen des Tages lesen, \u00fcber die Bibelstellen meditieren, die das Kommen Jesu ank\u00fcndigen, oder das Gebet <a href=\"https:\/\/fundacioncarf.org\/cosmas-sacerdote-nigeriano-rezando-el-rosario\/\" data-type=\"link\" data-id=\"https:\/\/fundacioncarf.org\/cosmas-sacerdote-nigeriano-rezando-el-rosario\/\">Heiliger Rosenkranz<\/a>. Wenn Sie einen Adventskalender haben, nutzen Sie ihn, um die t\u00e4gliche Liturgie zu vertiefen.<\/p>\n\n\n\n<p><strong>Tipp<\/strong>Schaffen Sie zu Hause einen Raum f\u00fcr das Gebet mit einer Kerze oder einem Bild von Jesu Geburt. Das Anz\u00fcnden einer Kerze in jeder Adventswoche kann Ihnen helfen, sich an die Bedeutung des Wartens zu erinnern. Denken Sie an den Adventskranz.<\/p>\n\n\n\n<p><strong>2. N\u00e4chstenliebe praktizieren<\/strong><\/p>\n\n\n\n<p>Die Adventszeit ist eine Zeit, in der wir \u00fcber uns selbst hinausschauen und mit anderen teilen, besonders mit denen, die es am n\u00f6tigsten haben. \u00dcberlegen Sie, wie Sie ein Instrument der Liebe sein k\u00f6nnen:<\/p>\n\n\n\n<ul class=\"wp-block-list\">\n<li>Spenden Sie Lebensmittel oder Kleidung f\u00fcr die Unterprivilegierten.<\/li>\n\n\n\n<li>Verbringen Sie Zeit damit, einsamen oder kranken Menschen zuzuh\u00f6ren oder sie zu begleiten.<\/li>\n\n\n\n<li>Beteiligen Sie sich an einer Solidarit\u00e4tskampagne in Ihrer Gemeinde.<\/li>\n<\/ul>\n\n\n\n<p><strong>3. die Liturgie leben<\/strong><\/p>\n\n\n\n<p>Der Besuch der Sonntagsmesse ist wichtig, um unseren Glauben zu n\u00e4hren. Achten Sie w\u00e4hrend dieser Zeit besonders auf die liturgischen Zeichen: die Lesungen, die Gebete und die Farbe Violett, die Bu\u00dfe und Hoffnung symbolisiert.<\/p>\n\n\n\n<p><strong>4. Reduzieren Sie materielle Ablenkungen<\/strong><\/p>\n\n\n\n<p>Es ist leicht, sich in Eink\u00e4ufe, Dekorationen oder Weihnachtsessen zu vertiefen. Auch wenn diese Elemente ihren Platz haben, sollten Sie den wahren Sinn der Saison nicht aus den Augen verlieren.<\/p>\n\n\n\n<ul class=\"wp-block-list\">\n<li>Legen Sie ein Budget f\u00fcr Geschenke fest und geben Sie der Kreativit\u00e4t den Vorrang vor materiellen Dingen.<\/li>\n\n\n\n<li>Organisieren Sie Familientreffen, bei denen die gemeinsame Zeit im Mittelpunkt steht und nicht nur das Essen oder die Geschenke.<\/li>\n\n\n\n<li>Denken Sie \u00fcber die Frage nach: <em>Wie bereite ich mein Herz darauf vor, Jesus zu empfangen?<\/em><\/li>\n<\/ul>\n\n\n\n<p><strong>5. Gehen Sie zum Sakrament der Beichte<\/strong><\/p>\n\n\n\n<p>Der Advent ist eine ideale Zeit, um sich mit Gott zu vers\u00f6hnen. Bitte pr\u00fcfen Sie Ihr Gewissen und nehmen Sie das Sakrament der Beichte in Anspruch. <a href=\"https:\/\/fundacioncarf.org\/sacramento-de-la-confesion-cuatro-pasos-basicos\/\" data-type=\"link\" data-id=\"https:\/\/fundacioncarf.org\/sacramento-de-la-confesion-cuatro-pasos-basicos\/\">Beichte<\/a>. Die Reinigung unseres Herzens unterst\u00fctzt uns dabei, das Jesuskind mit Frieden und Freude zu empfangen.<\/p>\n\n\n\n<p><strong>6. Hoffnung kultivieren<\/strong><\/p>\n\n\n\n<p>Der Advent erinnert uns daran, dass Warten Sinn macht, weil wir auf etwas Gro\u00dfes warten: Gottes fleischgewordene Liebe. Selbst inmitten von Schwierigkeiten ist dies eine Gelegenheit, unsere Hoffnung zu erneuern und darauf zu vertrauen, dass Gott uns niemals im Stich l\u00e4sst.<\/p>\n\n\n\n<p><strong>Tipp<\/strong>Die Tugenden von Maria und St. Joseph werden reflektiert, <a href=\"https:\/\/www.rialp.com\/libro\/un-belen-que-habla_139309\/\" data-type=\"link\" data-id=\"https:\/\/www.rialp.com\/libro\/un-belen-que-habla_139309\/\" target=\"_blank\" rel=\"noopener\">lesen Sie \u00fcber die Figuren von Bethlehem<\/a>. Sie lebten das Warten im Glauben und in Demut. Wie k\u00f6nnen Sie ihr Beispiel nachahmen?<\/p>\n\n\n\n<h2 class=\"wp-block-heading\" id=\"conclusion\">Fazit<\/h2>\n\n\n\n<p>Der Advent ist eine Zeit des Innehaltens und des Blicks auf das Wesentliche. Jenseits der Lichter, der Geschenke und der Feierlichkeiten sind wir eingeladen, unsere Herzen auf eine Begegnung mit Christus vorzubereiten. M\u00f6ge diese Zeit uns verwandeln, uns n\u00e4her zu Gott bringen und uns zu wahren Zeugen seiner Liebe machen.<\/p>\n\n\n\n<p>M\u00f6ge dieser Advent f\u00fcr Sie und Ihre Familie ein Weg voller Glauben, Hoffnung und N\u00e4chstenliebe sein, damit Sie Weihnachten und die Geburt Jesu in vollen Z\u00fcgen genie\u00dfen k\u00f6nnen. <\/p>\n\n\n\n<hr class=\"wp-block-separator has-alpha-channel-opacity\"\/>\n\n\n\n<div class=\"wp-block-rank-math-toc-block\" id=\"rank-math-toc\"><h2>Inhaltsverzeichnis<\/h2><nav><ul><li><a href=\"#el-significado-del-adviento\">Die Bedeutung des Advents<\/a><\/li><li><a href=\"#claves-para-vivir-el-adviento-con-fe\">Schl\u00fcssel f\u00fcr ein Leben im Advent im Glauben<\/a><\/li><li><a href=\"#conclusion\">Fazit<\/a><\/li><\/ul><\/nav><\/div>\n\n\n\n<hr class=\"wp-block-separator has-alpha-channel-opacity\"\/>","protected":false},"excerpt":{"rendered":"<p>Der Advent ist die liturgische Jahreszeit, die dem Weihnachtsfest vorausgeht. Dieser Blogbeitrag erkl\u00e4rt die Bedeutung dieser vier Wochen der Vorbereitung auf die Geburt des Christuskindes.<\/p>","protected":false},"author":719,"featured_media":200553,"comment_status":"closed","ping_status":"closed","sticky":false,"template":"","format":"standard","meta":{"_acf_changed":false,"give_campaign_id":0,"footnotes":""},"categories":[13],"tags":[211,6],"class_list":["post-200551","post","type-post","status-publish","format-standard","has-post-thumbnail","hentry","category-blog","tag-adviento","tag-vida-cristiana"],"acf":[],"_links":{"self":[{"href":"https:\/\/fundacioncarf.org\/de\/wp-json\/wp\/v2\/posts\/200551","targetHints":{"allow":["GET"]}}],"collection":[{"href":"https:\/\/fundacioncarf.org\/de\/wp-json\/wp\/v2\/posts"}],"about":[{"href":"https:\/\/fundacioncarf.org\/de\/wp-json\/wp\/v2\/types\/post"}],"author":[{"embeddable":true,"href":"https:\/\/fundacioncarf.org\/de\/wp-json\/wp\/v2\/users\/719"}],"replies":[{"embeddable":true,"href":"https:\/\/fundacioncarf.org\/de\/wp-json\/wp\/v2\/comments?post=200551"}],"version-history":[{"count":5,"href":"https:\/\/fundacioncarf.org\/de\/wp-json\/wp\/v2\/posts\/200551\/revisions"}],"predecessor-version":[{"id":227048,"href":"https:\/\/fundacioncarf.org\/de\/wp-json\/wp\/v2\/posts\/200551\/revisions\/227048"}],"wp:featuredmedia":[{"embeddable":true,"href":"https:\/\/fundacioncarf.org\/de\/wp-json\/wp\/v2\/media\/200553"}],"wp:attachment":[{"href":"https:\/\/fundacioncarf.org\/de\/wp-json\/wp\/v2\/media?parent=200551"}],"wp:term":[{"taxonomy":"category","embeddable":true,"href":"https:\/\/fundacioncarf.org\/de\/wp-json\/wp\/v2\/categories?post=200551"},{"taxonomy":"post_tag","embeddable":true,"href":"https:\/\/fundacioncarf.org\/de\/wp-json\/wp\/v2\/tags?post=200551"}],"curies":[{"name":"wp","href":"https:\/\/api.w.org\/{rel}","templated":true}]}}