{"id":200018,"date":"2024-11-11T07:00:00","date_gmt":"2024-11-11T06:00:00","guid":{"rendered":"https:\/\/staging.fundacioncarf.org\/?p=200018"},"modified":"2024-11-18T14:22:05","modified_gmt":"2024-11-18T13:22:05","slug":"seminarista-iglesia-honduras-jovenes","status":"publish","type":"post","link":"https:\/\/fundacioncarf.org\/de\/seminarista-iglesia-honduras-jovenes\/","title":{"rendered":"Gabriel Hern\u00e1n, der Seminarist, der Honduras aus der Gewalt f\u00fchren will"},"content":{"rendered":"<p>Gabriel Hern\u00e1n M\u00e9ndez (<a href=\"https:\/\/es.wikipedia.org\/wiki\/Honduras\" target=\"_blank\" rel=\"noopener\">Honduras<\/a>(1994) ist ein 30-j\u00e4hriger Seminarist aus San Pedro Sula, Honduras, der zur Di\u00f6zese Santa Mar\u00eda de las Gracias geh\u00f6rt und davon tr\u00e4umt, jungen Menschen in Honduras zu helfen, die Bandengewalt hinter sich zu lassen. Er studiert derzeit im dritten Jahr Theologie an der Universit\u00e4t von Navarra und wohnt in der <a href=\"https:\/\/seminariobidasoa.org\/\" data-type=\"link\" data-id=\"https:\/\/seminariobidasoa.org\/\" target=\"_blank\" rel=\"noopener\">Internationales Seminar Bidasoa<\/a>.<\/p>\n\n\n\n<figure class=\"wp-block-embed is-type-video is-provider-youtube wp-block-embed-youtube wp-embed-aspect-16-9 wp-has-aspect-ratio\"><div class=\"wp-block-embed__wrapper\">\n<iframe loading=\"lazy\" title=\"???????? GABRIEL HERN\u00c1N M\u00c9NDEZ: ICH TR\u00c4UME DAVON, PRIESTER ZU WERDEN UND JUNGEN HONDURANERN ZU HELFEN ????????????\" width=\"500\" height=\"281\" src=\"https:\/\/www.youtube.com\/embed\/rlLprtnplp8?feature=oembed\" frameborder=\"0\" allow=\"accelerometer; autoplay; clipboard-write; encrypted-media; gyroscope; picture-in-picture; web-share\" referrerpolicy=\"strict-origin-when-cross-origin\" allowfullscreen><\/iframe>\n<\/div><\/figure>\n\n\n\n<h3 class=\"wp-block-heading\">Vom Zweifel zum Glauben: Spirituelles Erwachen<\/h3>\n\n\n\n<p>Obwohl seine Familie nicht religi\u00f6s war, war der Einfluss seiner Gro\u00dfmutter, die ihm das Beten beibrachte, entscheidend. Als Teenager entfernte er sich jedoch vom Glauben und h\u00f6rte auf, die Messe zu besuchen, da st\u00e4ndige Wohnortwechsel und jugendliche Interessen ihn von der Kirche entfernten. Dennoch sp\u00fcrte er eine innere Anziehungskraft zum Glauben, die nie verschwand.<\/p>\n\n\n\n<p> \"Als Teenager distanzierte ich mich v\u00f6llig von der Kirche und allem, was mit Religion zu tun hatte. Das lag vor allem an den beruflichen Verpflichtungen meiner Eltern, die daf\u00fcr sorgten, dass wir h\u00e4ufig umziehen mussten, so dass ich keinen festen Ort hatte, an dem ich die Messe besuchen konnte. Au\u00dferdem gab es aufgrund meines Alters andere Dinge, die mein Interesse weckten. Aber tief im Inneren f\u00fchlte ich mich immer von den Dingen der Kirche angezogen\", erz\u00e4hlt uns Gabriel.<\/p>\n\n\n\n<p>Jahre sp\u00e4ter lud ihn eine Nonne zu einer Katechese ein, um ihn zu konfirmieren. Gabriel stimmte zu, zun\u00e4chst motiviert durch die Anwesenheit eines Klassenkameraden, den er mochte, aber mit der Zeit begann er, sich in der Kirche zu engagieren. Als er das Sakrament empfing, fragte ihn der Bischof, wie er einer armen Kirche wie der in Honduras dienen wolle - Worte, die ihn tief ber\u00fchrten.<\/p>\n\n\n\n<figure class=\"wp-block-image size-large\"><img decoding=\"async\" width=\"1024\" height=\"576\" src=\"https:\/\/fundacioncarf.org\/wp-content\/uploads\/2024\/11\/honduras-bandera-seminarista-1024x576.jpeg\" alt=\"honduras bandera seminarista\" class=\"wp-image-200043\" srcset=\"https:\/\/fundacioncarf.org\/wp-content\/uploads\/2024\/11\/honduras-bandera-seminarista-1024x576.jpeg 1024w, https:\/\/fundacioncarf.org\/wp-content\/uploads\/2024\/11\/honduras-bandera-seminarista-300x169.jpeg 300w, https:\/\/fundacioncarf.org\/wp-content\/uploads\/2024\/11\/honduras-bandera-seminarista-150x84.jpeg 150w, https:\/\/fundacioncarf.org\/wp-content\/uploads\/2024\/11\/honduras-bandera-seminarista-768x432.jpeg 768w, https:\/\/fundacioncarf.org\/wp-content\/uploads\/2024\/11\/honduras-bandera-seminarista-18x10.jpeg 18w, https:\/\/fundacioncarf.org\/wp-content\/uploads\/2024\/11\/honduras-bandera-seminarista.jpeg 1500w\" sizes=\"(max-width: 1024px) 100vw, 1024px\" \/><\/figure>\n\n\n\n<h3 class=\"wp-block-heading\">Der Prozess der Unterscheidung und Ausbildung im Seminar in Honduras<\/h3>\n\n\n\n<p>Ein Seminarist, der jetzt Priester ist, lud ihn zu Treffen zur Berufsfindung f\u00fcr junge Abiturienten ein, die ihre Berufung entdecken wollten. Ende 2013 wurde Gabriel in das gro\u00dfe Priesterseminar Nuestra Se\u00f1ora de Suyapa in Tegucigalpa aufgenommen, wo er 2014 im Alter von 19 Jahren seine Ausbildung begann, allerdings ohne die Unterst\u00fctzung seiner Familie.<\/p>\n\n\n\n<p>\"Es war eine neue Erfahrung f\u00fcr mich, denn ich ging ohne die Unterst\u00fctzung meiner Familie, die, da sie den Glauben nicht praktizierte, meine Entscheidung, ins Seminar zu gehen, nicht verstand\", sagt er.&nbsp;<\/p>\n\n\n\n<h3 class=\"wp-block-heading\">Eine Pause in seiner priesterlichen Ausbildung<\/h3>\n\n\n\n<p>Nach Abschluss seines Philosophiestudiums (2017) veranlassten ihn verschiedene Umst\u00e4nde, seine Priesterausbildung zu unterbrechen und nach Hause zur\u00fcckzukehren. Er begann in einer Unternehmensgruppe zu arbeiten, die sich dem Handel widmet. Das war eine neue Herausforderung f\u00fcr ihn, da er sich an einen anderen Lebensstil und ein anderes Arbeitsumfeld anpassen musste.&nbsp;<\/p>\n\n\n\n<p>\"Hier muss ich eine Person erw\u00e4hnen, die Gott mir in den Weg gestellt hat: Magdalena M\u00e9ndez, die Eigent\u00fcmerin der Unternehmensgruppe. Sie vertraute mir und gab mir den Job, obwohl ich keine Erfahrung hatte\", sagt Gabriel.<\/p>\n\n\n\n<h3 class=\"wp-block-heading\">Eine Berufung zum Priester, die anh\u00e4lt<\/h3>\n\n\n\n<p>Im Laufe der Zeit arbeitete er sich in der Firma hoch und eines Tages wurde ihm die Position des Generaldirektors und gesetzlichen Vertreters des Unternehmens angeboten. Seine Arbeit und seine finanzielle Situation liefen sehr gut; er hatte viele Dinge erreicht, die er sich nie h\u00e4tte vorstellen k\u00f6nnen. Doch trotz allem hallte der Gedanke, Priester zu werden, immer wieder in seinem Kopf nach: \"Da war eine Art Leere in mir\", gesteht dieser junge Mann aus Honduras.&nbsp;<\/p>\n\n\n\n<p>W\u00e4hrend dieser ganzen Zeit hielt er den Kontakt zu seinem geistlichen Leiter aufrecht. Sp\u00e4ter wurde er zum Bischof einer neuen Di\u00f6zese in Honduras ernannt und lud ihn zu einer Erfahrung in einer Pfarrei in seiner Di\u00f6zese ein, um ihm in seinem Entscheidungsprozess zu helfen.&nbsp;<\/p>\n\n\n\n<figure class=\"wp-block-image size-full\"><img decoding=\"async\" width=\"1024\" height=\"768\" src=\"https:\/\/fundacioncarf.org\/wp-content\/uploads\/2024\/11\/santuario-de-san-matias-la-campa-honduras.-sacerdotes-y-seminaristas.jpeg\" alt=\"santuario de san mat\u00edas, la campa, honduras. sacerdotes y seminaristas\" class=\"wp-image-200048\" srcset=\"https:\/\/fundacioncarf.org\/wp-content\/uploads\/2024\/11\/santuario-de-san-matias-la-campa-honduras.-sacerdotes-y-seminaristas.jpeg 1024w, https:\/\/fundacioncarf.org\/wp-content\/uploads\/2024\/11\/santuario-de-san-matias-la-campa-honduras.-sacerdotes-y-seminaristas-300x225.jpeg 300w, https:\/\/fundacioncarf.org\/wp-content\/uploads\/2024\/11\/santuario-de-san-matias-la-campa-honduras.-sacerdotes-y-seminaristas-150x113.jpeg 150w, https:\/\/fundacioncarf.org\/wp-content\/uploads\/2024\/11\/santuario-de-san-matias-la-campa-honduras.-sacerdotes-y-seminaristas-768x576.jpeg 768w, https:\/\/fundacioncarf.org\/wp-content\/uploads\/2024\/11\/santuario-de-san-matias-la-campa-honduras.-sacerdotes-y-seminaristas-16x12.jpeg 16w\" sizes=\"(max-width: 1024px) 100vw, 1024px\" \/><\/figure>\n\n\n\n<p>\"Im Januar 2023 k\u00fcndigte ich meine Stelle und zog in die Wallfahrtskirche San Mat\u00edas Ap\u00f3stol in La Campa, Lempira (Honduras), wo mich Pater Rub\u00e9n G\u00f3mez begleitete. W\u00e4hrend ich dort war, ergab sich die Gelegenheit, nach Spanien in ein internationales Seminar, das in Bidasoa, zu kommen. Der Bischof machte mir den Vorschlag, den ich annahm, und im August 2023 kam ich in Pamplona an, wo ich meine Ausbildung und mein Studium mit Blick auf die Priesterweihe wieder aufnahm\".<\/p>\n\n\n\n<h3 class=\"wp-block-heading\">Eine Mission: jungen Menschen helfen, die in die Gewalt von Banden geraten sind<\/h3>\n\n\n\n<p>W\u00e4hrend dieser ganzen Zeit h\u00f6rte Gabriel nie auf zu beten und Gott zu fragen, was er f\u00fcr sein Leben wollte.\u00a0<strong>\"<\/strong>Ich bin unter Maras und Gangs aufgewachsen. Honduras ist ein Land mit viel Gewalt, in dem sich junge Burschen gewaltt\u00e4tigen Banden anschlie\u00dfen. Einige dieser jungen Leute sahen mich in der N\u00e4he der Kirche und kamen zu mir, um mit mir zu sprechen. Um diese jungen Menschen zu begleiten, dachte ich: Ich glaube, dass Gott mich bittet, Priester zu werden. Mit meinem Lebensbeispiel kann ich diese jungen Menschen vielleicht zu einer anderen Lebensweise bringen und ihnen helfen, zu entdecken, dass die Mara oder die Bande nicht der einzige Ausweg ist\", erz\u00e4hlt er bewegt.\u00a0<\/p>\n\n\n\n<p>Er ist traurig, wenn er daran denkt, dass einige seiner Klassenkameraden die High School nicht abgeschlossen haben, weil sie in die gewaltt\u00e4tige Welt der Gangs eingetreten sind. \"Meine Stadt, San Pedro Sula, ist von Gangs und Maras gepr\u00e4gt, und viele junge Leute sehen keinen anderen Ausweg, als dorthin zu gehen, weil sie die Gruppe als eine Familie ansehen, die sie zu Hause nicht gefunden haben. Sie leiden unter emotionaler Deprivation und famili\u00e4rer Leere\", beklagt er.&nbsp;<\/p>\n\n\n\n<figure class=\"wp-block-image size-large\"><img decoding=\"async\" width=\"635\" height=\"847\" src=\"https:\/\/fundacioncarf.org\/wp-content\/uploads\/2024\/11\/Gabriel-Mendez-Seminarista-Honduras-Bidasoa-edited.jpg\" alt=\"Gabriel-Mendez-Seminarista-Honduras-Bidasoa\" class=\"wp-image-200052\" srcset=\"https:\/\/fundacioncarf.org\/wp-content\/uploads\/2024\/11\/Gabriel-Mendez-Seminarista-Honduras-Bidasoa-edited.jpg 635w, https:\/\/fundacioncarf.org\/wp-content\/uploads\/2024\/11\/Gabriel-Mendez-Seminarista-Honduras-Bidasoa-edited-225x300.jpg 225w, https:\/\/fundacioncarf.org\/wp-content\/uploads\/2024\/11\/Gabriel-Mendez-Seminarista-Honduras-Bidasoa-edited-112x150.jpg 112w, https:\/\/fundacioncarf.org\/wp-content\/uploads\/2024\/11\/Gabriel-Mendez-Seminarista-Honduras-Bidasoa-edited-9x12.jpg 9w\" sizes=\"(max-width: 635px) 100vw, 635px\" \/><\/figure>\n\n\n\n<h3 class=\"wp-block-heading\">Sein Wunsch: ein Priester zu sein, der diesen jungen Menschen hilft&nbsp;<\/h3>\n\n\n\n<p>Gabriel m\u00f6chte ein engagierter Priester sein, erstens im geistlichen Bereich, indem er evangelisiert und all diesen jungen Menschen die Liebe Gottes vermittelt. Und zweitens, indem er sich f\u00fcr die Einrichtung von Rehabilitationszentren einsetzt: \"Wenn sich ein junger Mensch einer Bande anschlie\u00dft, darf er sie nicht verlassen. Deshalb ist es wichtig, diese Zentren zu schaffen, um Kinder aufzunehmen, bevor sie in diese Organisationen eintreten, um ihnen Berufe beizubringen, die ihren Geist besch\u00e4ftigen\".&nbsp;<\/p>\n\n\n\n<p>In dieser Mission, <strong>Gabriel ist dankbar f\u00fcr die Arbeit der Kirche, die \u00fcber Zentren und Ordensgemeinschaften verf\u00fcgt, die sich der Arbeit mit sozial gef\u00e4hrdeten jungen Menschen widmen. <\/strong>Die Arbeit wird jedoch durch die Tatsache erschwert, dass f\u00fcr viele dieser jungen Menschen Banden der einzige gangbare Ausweg sind. Au\u00dferdem zeigt die Regierung ein gro\u00dfes Desinteresse, dieses Problem anzugehen.&nbsp;<\/p>\n\n\n\n<h3 class=\"wp-block-heading\">Das Problem der Sekten und des Priestermangels&nbsp;<\/h3>\n\n\n\n<p><strong>Ein weiteres Problem in Honduras ist der Einfluss von Sekten.<\/strong>Heute sind die Katholiken nicht mehr in der Mehrheit in einem Land, das traditionell katholisch war. Junge Menschen f\u00fchlen sich eher zu diesen Sekten hingezogen, da es in den Vierteln in jeder Stra\u00dfe eine gibt, w\u00e4hrend katholische Kirchen selten sind, mit nur einer pro Viertel. Hinzu kommt, <strong>der Priester ist oft nicht in der Lage, auch nur einmal im Monat zu kommen<\/strong>Er bedauert, dass er noch 50 weitere Kirchen zu betreuen hat\", sagt er.&nbsp;<\/p>\n\n\n\n<p>Mit dieser gro\u00dfen Herausforderung bittet Gabriel um das Gebet aller Wohlt\u00e4ter und Freunde des <a href=\"https:\/\/fundacioncarf.org\/donar\/pon-cara-a-tu-donativo\/\" data-type=\"page\" data-id=\"179738\">CARF-Stiftung<\/a> um ein guter Priester zu werden: <strong>das erste, wor\u00fcber wir Priester uns im Klaren sein m\u00fcssen, ist die Botschaft des Evangeliums.<\/strong> und wie man sie weitergibt, indem man Jesus Christus verk\u00fcndet, ohne sich von Ideologien beeinflussen zu lassen, die die Gesellschaft angreifen. Im Gegenteil, er muss wie ein Hirte handeln und die verlorenen Schafe suchen, die oft niemanden haben, der ihnen den Weg zeigt.&nbsp;<\/p>\n\n\n\n<h3 class=\"wp-block-heading\">\"Sie predigen Christus, nicht sich selbst\".&nbsp;<\/h3>\n\n\n\n<p>F\u00fcr Gabriel muss ein Priester des 21. Jahrhunderts au\u00dferdem daran denken, dass er Christus predigt und nicht sich selbst. <strong>\"Mit dem Aufkommen der sozialen Medien besteht die Gefahr, dass Christus ins Abseits ger\u00e4t und der Prediger in den Mittelpunkt gestellt wird.<\/strong>. Es ist daher unerl\u00e4sslich, dass der Priester sich intellektuell darauf vorbereitet, \u00fcber unseren Glauben Rechenschaft abzulegen, nicht nur durch das Gebet, sondern auch durch die Beredsamkeit seiner Lehre, sowohl in Wort als auch in Tat\".&nbsp;<\/p>\n\n\n\n<p>Bei all dieser Arbeit ist er der Stiftung CARF dankbar f\u00fcr die Unterst\u00fctzung, die er f\u00fcr seine weitere und bessere Ausbildung erh\u00e4lt. \"Gut ausgebildete Priester werden gebraucht, denn in dieser Welt mit so viel Ideologie m\u00fcssen wir unseren Glauben begr\u00fcnden, die Grundlagen f\u00fcr eine neue Evangelisierung legen und so zum neuen Aufschwung der Kirche beitragen\".&nbsp;<\/p>\n\n\n\n<h2 class=\"wp-block-heading\">Gebet und Danksagung<\/h2>\n\n\n\n<p>Gabriel ist allen Wohlt\u00e4tern des Projekts sehr dankbar. <strong>CARF-Stiftung<\/strong> und die <a href=\"https:\/\/www.aeh.org.gt\/\" data-type=\"link\" data-id=\"https:\/\/www.aeh.org.gt\/\" target=\"_blank\" rel=\"noreferrer noopener\"><strong>Verband f\u00fcr humanistische Studien<\/strong><\/a>Ich bete f\u00fcr Sie und bin Ihnen sehr dankbar, denn ohne Ihre Hilfe w\u00e4re es nicht m\u00f6glich, meine theologische Ausbildung an der Universit\u00e4t von Navarra abzuschlie\u00dfen\". Gabriels Ziel ist es, eine sehr gute Ausbildung zu absolvieren, um in seine Di\u00f6zese zur\u00fcckzukehren und bei der Ausbildung zuk\u00fcnftiger Priesterberufe in seinem Land zu helfen.<\/p>\n\n\n\n<hr class=\"wp-block-separator has-alpha-channel-opacity\"\/>\n\n\n\n<p><strong>Marta Sant\u00edn<\/strong>Journalist mit Spezialisierung auf Religion.<\/p>","protected":false},"excerpt":{"rendered":"<p>Gabriel ist ein Seminarist aus Honduras, der unter Gangs und gewaltt\u00e4tigen Banden aufgewachsen ist. Deshalb tr\u00e4umt er davon, ein engagierter Priester zu werden, um unserem Glauben einen Grund zu geben und auch, um im Rahmen seiner M\u00f6glichkeiten so viele junge Menschen aus dem gewaltt\u00e4tigen Umfeld seiner Di\u00f6zese herauszuholen. <\/p>","protected":false},"author":719,"featured_media":200021,"comment_status":"closed","ping_status":"closed","sticky":false,"template":"","format":"standard","meta":{"_acf_changed":false,"give_campaign_id":0,"footnotes":""},"categories":[109],"tags":[191,180],"class_list":["post-200018","post","type-post","status-publish","format-standard","has-post-thumbnail","hentry","category-historias","tag-formacion","tag-seminaristas"],"acf":[],"_links":{"self":[{"href":"https:\/\/fundacioncarf.org\/de\/wp-json\/wp\/v2\/posts\/200018","targetHints":{"allow":["GET"]}}],"collection":[{"href":"https:\/\/fundacioncarf.org\/de\/wp-json\/wp\/v2\/posts"}],"about":[{"href":"https:\/\/fundacioncarf.org\/de\/wp-json\/wp\/v2\/types\/post"}],"author":[{"embeddable":true,"href":"https:\/\/fundacioncarf.org\/de\/wp-json\/wp\/v2\/users\/719"}],"replies":[{"embeddable":true,"href":"https:\/\/fundacioncarf.org\/de\/wp-json\/wp\/v2\/comments?post=200018"}],"version-history":[{"count":16,"href":"https:\/\/fundacioncarf.org\/de\/wp-json\/wp\/v2\/posts\/200018\/revisions"}],"predecessor-version":[{"id":200358,"href":"https:\/\/fundacioncarf.org\/de\/wp-json\/wp\/v2\/posts\/200018\/revisions\/200358"}],"wp:featuredmedia":[{"embeddable":true,"href":"https:\/\/fundacioncarf.org\/de\/wp-json\/wp\/v2\/media\/200021"}],"wp:attachment":[{"href":"https:\/\/fundacioncarf.org\/de\/wp-json\/wp\/v2\/media?parent=200018"}],"wp:term":[{"taxonomy":"category","embeddable":true,"href":"https:\/\/fundacioncarf.org\/de\/wp-json\/wp\/v2\/categories?post=200018"},{"taxonomy":"post_tag","embeddable":true,"href":"https:\/\/fundacioncarf.org\/de\/wp-json\/wp\/v2\/tags?post=200018"}],"curies":[{"name":"wp","href":"https:\/\/api.w.org\/{rel}","templated":true}]}}