{"id":183294,"date":"2025-01-08T10:42:09","date_gmt":"2025-01-08T09:42:09","guid":{"rendered":"https:\/\/staging.fundacioncarf.org\/la-trascendencia-teologica-de-benedicto-xvi\/"},"modified":"2025-01-08T10:42:10","modified_gmt":"2025-01-08T09:42:10","slug":"la-trascendencia-teologica-de-benedicto-xvi","status":"publish","type":"post","link":"https:\/\/fundacioncarf.org\/de\/la-trascendencia-teologica-de-benedicto-xvi\/","title":{"rendered":"Benedikt XVI.: seine theologische Bedeutung"},"content":{"rendered":"<div class=\"et_pb_section et_pb_section_265 et_section_regular\">\n<div class=\"et_pb_row et_pb_row_897\">\n<p class=\"et_pb_column et_pb_column_1_5 et_pb_column_2582  et_pb_css_mix_blend_mode_passthrough et_pb_column_empty\"><span style=\"color: initial;\">Wir werden uns immer an den Papst erinnern <a href=\"https:\/\/es.wikipedia.org\/wiki\/Benedicto_XVI\" target=\"_blank\" rel=\"noopener\">Benedikt XVI.<\/a>Der Heilige Vater, der am Samstag, den 31. Dezember 2022, gestorben ist, hat alle katholischen Gl\u00e4ubigen ermutigt, Jesus Christus zu suchen, zu kennen und zu lieben. Er hat uns gelehrt, wie wir uns als Christen in einer heidnischen Gesellschaft verhalten und leben k\u00f6nnen, mit dem Optimismus und der Kraft, die aus der Hoffnung auf die Verbreitung des Evangeliums erwachsen und uns motivieren, sie von innen heraus zu ver\u00e4ndern.<\/span><\/p>\n<\/div>\n<div class=\"et_pb_row et_pb_row_898\">\n<div class=\"et_pb_column et_pb_column_3_5 et_pb_column_2586  et_pb_css_mix_blend_mode_passthrough\">\n<div class=\"et_pb_module et_pb_text et_pb_text_953  et_pb_text_align_left et_pb_bg_layout_light\">\n<div class=\"et_pb_text_inner\">\n<h2>Ein kurzes Profil von Benedikt XVI.<\/h2>\n<p>Das Pontifikat von Benedikt XVI. dauerte nur eine kurze Zeit. <a href=\"https:\/\/omnesmag.com\/actualidad\/los-momentos-clave-del-pontificado-de-benedicto-xvi\/\" target=\"_blank\" rel=\"noopener\">acht Jahre<\/a>Nichtsdestotrotz waren seine \u00dcberlegungen zu Glaube und Lehre f\u00fcr die Geschichte der Kirche von transzendentaler Bedeutung. Getreu seinem Motto \"Mitarbeiter der Wahrheit\" waren der intellektuelle Impuls zum Dialog zwischen Glaube und Vernunft und der Kampf gegen Missbr\u00e4uche und Spaltung in der Kirche die Ma\u00dfst\u00e4be seines Pontifikats.<\/p>\n<p>Er nahm stets eine klare und br\u00fcderliche Haltung gegen\u00fcber allen Menschen und theologischen Positionen ein, die von den Glaubenswahrheiten der Kirche abwichen.<\/p>\n<p>Andererseits vertrat Benedikt XVI. die Auffassung, dass es notwendig sei, sich f\u00fcr eine gerechte Ordnung in der Gesellschaft einzusetzen und das Gemeinwohl durch wirtschaftliches, soziales, gesetzgeberisches, administratives und kulturelles Handeln zu f\u00f6rdern. Seine drei Enzykliken sind die Kr\u00f6nung seines gro\u00dfen theologischen Werks als Antwort auf die Probleme der heutigen Welt.<\/p>\n<h2 style=\"margin-top: 30px;\">Einige Meilensteine in seinem Leben<\/h2>\n<ul>\n<li><b>29. Juni 1951:<\/b> Joseph Ratzinger wurde geweiht <a href=\"https:\/\/fundacioncarf.org\/sacerdocio\/que-es-un-sacerdote\/\">Pfarrer<\/a><span style=\"font-weight: 400;\">\u00a0zusammen mit seinem Bruder Georg im Freisinger Dom.<\/span><\/li>\n<li><b>Im Jahr 1953:<\/b> D. in Theologie mit der Dissertation Volk und Haus Gottes in der Lehre der Kirche von St. Augustinus.<\/li>\n<li><b>24. M\u00e4rz 1977: <\/b>ernannte ihn zum Erzbischof von M\u00fcnchen und Freising. Joseph Ratzinger, noch keine 50 Jahre alt, als er zum Erzbischof ernannt wurde, war bereits ein bekannter und angesehener Theologe. Dieser Termin war ein unerwarteter Wendepunkt in seinem Leben. Er war ein Gelehrter, Forscher und Lehrer der Theologie. Er nahm Regierungs\u00e4mter aus Gehorsam und im Dienste der Kirche an. Im selben Jahr ernannte ihn der Papst auch zum Kardinal.<\/li>\n<li><b>19. April 2005:<\/b> Kardinal Joseph Ratzinger wurde zum Nachfolger von Petrus gew\u00e4hlt und der Welt als <strong>Papst Benedikt XVI.<\/strong> im Alter von 78 Jahren. In seinen ersten Worten erinnerte er an den heiligen Johannes Paul II. und bezeichnete sich selbst als einen \"einfachen und bescheidenen Arbeiter im Weinberg des Herrn\". Dem Beispiel seines Vorg\u00e4ngers folgend, hat er 24 L\u00e4nder besucht.<\/li>\n<li><b>25. Dezember 2005:<\/b> Ver\u00f6ffentlicht seine erste Enzyklika <em>Deus caritas est<\/em> der Liebe zu Gott gewidmet. Als Papst spricht er st\u00e4ndig von der \"Freude, Christ zu sein\".<\/li>\n<li><b>30. November 2007:<\/b> Ver\u00f6ffentlicht die Enzyklika <em>Spe Salvi<\/em> wo er sich mit dem Thema Hoffnung besch\u00e4ftigt. Er ver\u00f6ffentlichte auch den ersten Teil seines Werkes Jesus von Nazareth, ein gro\u00dfes theologisches und pastorales Werk, das 2012 fertiggestellt wurde.<\/li>\n<li><b>29. Juni 2009:<\/b> Ver\u00f6ffentlicht seine neueste Enzyklika <em>Caritas in veritate<\/em> \u00fcber soziale Gerechtigkeit im 21. Jahrhundert. In letzterem kritisierte er das Konsumverhalten und auch das aktuelle Wirtschaftssystem, das weit vom Gemeinwohl entfernt ist.<\/li>\n<li><b>11. Februar 2013:<\/b>\u00a0 Er k\u00fcndigte seinen R\u00fccktritt vom Pontifikat an und l\u00f6ste damit eine kulturelle und theologische Revolution aus, die sein gro\u00dfes Verm\u00e4chtnis f\u00fcr die Geschichte der Kirche pr\u00e4gen und die Art und Weise, wie P\u00e4pste ihr Pontifikat konzipieren sollten, endg\u00fcltig festlegen w\u00fcrde.<\/li>\n<li><b>31. Dezember 2023:<\/b> Der emeritierte Papst Benedikt XVI. stirbt in Rom im Alter von 95 Jahren. Mit ihm geht der letzte der Pontifexe, der pers\u00f6nlich an der Arbeit der <b>Zweites Vatikanisches Konzil<\/b>.<\/li>\n<\/ul>\n<\/div>\n<\/div>\n<\/div>\n<p class=\"et_pb_column et_pb_column_1_5 et_pb_column_2587  et_pb_css_mix_blend_mode_passthrough et-last-child et_pb_column_empty\"><em style=\"font-size: revert; color: initial;\">\"F\u00fcr mich gibt es keinen Mangel an pers\u00f6nlichen, br\u00fcderlichen und liebevollen Begegnungen mit dem emeritierten Papst. Aber dies ist eine wichtige Gelegenheit, um zu bekr\u00e4ftigen, dass der Beitrag seiner theologischen Arbeit und allgemein seines Denkens weiterhin fruchtbar und aktiv ist, nicht auf die Vergangenheit gerichtet, sondern fruchtbar f\u00fcr die Zukunft, f\u00fcr die Umsetzung des Konzils und f\u00fcr den Dialog zwischen der Kirche und der Welt von heute. <\/em><\/p>\n<p class=\"et_pb_column et_pb_column_1_5 et_pb_column_2587  et_pb_css_mix_blend_mode_passthrough et-last-child et_pb_column_empty\"><em style=\"font-size: revert; color: initial;\">Diese Beitr\u00e4ge bieten uns eine solide theologische Grundlage f\u00fcr den Weg der Kirche: eine 'lebendige' Kirche, die er uns gelehrt hat, als Gemeinschaft zu sehen und zu leben, und die - in 'Synoden' - unterwegs ist, geleitet vom Geist des Herrn, immer offen f\u00fcr die Mission, das Evangelium zu verk\u00fcnden und der Welt zu dienen, in der sie lebt\".<\/em><\/p>\n<\/div>\n<div class=\"et_pb_row et_pb_row_899\">\n<div class=\"et_pb_column et_pb_column_3_5 et_pb_column_2589  et_pb_css_mix_blend_mode_passthrough\">\n<div class=\"et_pb_module et_pb_testimonial et_pb_testimonial_6 clearfix  et_pb_text_align_left et_pb_bg_layout_light et_pb_testimonial_no_image\">\n<div class=\"et_pb_testimonial_description\">\n<div class=\"et_pb_testimonial_description_inner\">\n<div class=\"et_pb_testimonial_content\">\n<p><strong>Papst Franziskus, w\u00e4hrend der Verleihung des Ratzinger-Preises 2022.<\/strong><\/p>\n<\/div>\n<\/div>\n<h2 class=\"et_pb_testimonial_meta\"><span style=\"color: revert; font-size: revert; font-weight: revert;\">Benedikt XVI.: ein gro\u00dfer Theologe als Papst<\/span><\/h2>\n<\/div>\n<\/div>\n<\/div>\n<\/div>\n<div class=\"et_pb_row et_pb_row_900\">\n<div class=\"et_pb_column et_pb_column_3_5 et_pb_column_2592  et_pb_css_mix_blend_mode_passthrough\">\n<div class=\"et_pb_module et_pb_text et_pb_text_954  et_pb_text_align_left et_pb_bg_layout_light\">\n<div class=\"et_pb_text_inner\">\n<p>Der Beitrag, den Benedikt XVI. durch seine Arbeit und sein theologisches Denken f\u00fcr das Christentum und die Menschheit geleistet hat, ist bereits heute fruchtbar und wirksam. Eines seiner Anliegen war es, auf aktuelle Probleme durch Reflexion und Auslegung der Heiligen Schrift zu reagieren.<\/p>\n<p>Joseph Ratzinger arbeitete viele Jahre lang eng mit dem Heiligen Johannes Paul II. zusammen, der ihn zum Leiter der <strong>Pr\u00e4fekt der Kongregation f\u00fcr die Glaubenslehre<\/strong> im November 1981, wo er als Theologe bekannt wurde und die Kirche 31 Jahre lang inspirierte.<\/p>\n<p>Er war ein direkter Zeuge der nachkonziliaren Krise, der Infragestellung der wesentlichen Glaubenswahrheiten und des Experimentierens im liturgischen Bereich. Bereits 1966, ein Jahr nach dem Ende des <strong>Zweites Vatikanisches Konzil,<\/strong> sagte, er sehe den Vormarsch des \"Billig-Christentums\".<\/p>\n<p>Auf diese Weise gelang es dem theologischen Papst, mit gro\u00dfer argumentativer Kraft und gleichzeitig mit gro\u00dfer spiritueller Salbung zum Ausdruck zu bringen, was das Herzst\u00fcck des christlichen Glaubens und der Mission der Kirche ist. Angesichts der kirchlichen Skandale rief Benedikt XVI. zu Umkehr, Bu\u00dfe und Demut auf.<\/p>\n<p>Im September 2011 forderte er die Kirche auf, weniger weltlich zu sein: \"Die historischen Beispiele zeigen, dass das missionarische Zeugnis der Kirche losgel\u00f6st von der Welt klarer ist. Befreit von materiellen und politischen Lasten und Privilegien kann sich die Kirche besser und auf wahrhaft christliche Weise der ganzen Welt widmen; sie kann wirklich offen f\u00fcr die Welt sein...\".<\/p>\n<h2>Jesus Christus: zentraler Kern der Theologie Joseph Ratzingers<\/h2>\n<p>Sein Verm\u00e4chtnis als Theologe und Seelsorger, dessen Hauptelemente es gut ist, sich zu diesem Zeitpunkt in Erinnerung zu rufen, und in dem das Werk eines ganzen Lebens zusammenkommt, <strong>konzentriert sich auf die Figur des Christus.<\/strong><\/p>\n<p>Jesus Christus, der in der Heiligen Schrift und in der Liturgie gegenw\u00e4rtig ist, und seine Beziehung zur Kirche und zu den <strong><a href=\"https:\/\/fundacioncarf.org\/blog\/a-jesus-por-maria\/\">Maria<\/a><\/strong>ist der zentrale Kern seiner Theologie. In Jesus Christus hat sich Gott selbst sichtbar gemacht und den Menschen seine rettende Liebe gezeigt.<\/p>\n<p>Er weist darauf hin, dass diese Offenbarung Gottes keine blo\u00dfe Tatsache der Vergangenheit ist, sondern eine g\u00f6ttliche Kraft von heute und f\u00fcr die Zukunft, die in der Kirche der Heiligen zug\u00e4nglich ist, die als Zeugen der Auferstehung durch den Heiligen Geist gest\u00e4rkt werden.<\/p>\n<p>Zu den theologischen und ontologischen S\u00e4ulen ihres Denkens geh\u00f6ren auch die Person und die Bedeutung von Liebe, Wahrheit, Sch\u00f6nheit und Hoffnung f\u00fcr sie, Themen, die sich in ihren Enzykliken widerspiegeln.<\/p>\n<p>F\u00fcr die Verk\u00fcndigung der christlichen Botschaft,<strong> Benedikt XVI. hat auf beidem bestanden, dem Glauben und der Vernunft;<\/strong> und aus der Beziehung zwischen den beiden k\u00f6nnen wir seine Auffassung von Theologie, Katechese und Predigt erkennen. Was schlie\u00dflich die Mission betrifft, so sind seine Aussagen \u00fcber den Dienst und die Predigt interessant. <a href=\"https:\/\/fundacioncarf.org\/expertos\/la-eucaristia-memorial-del-corazon\/\">Eucharistie<\/a> (mit wichtigen Konsequenzen f\u00fcr die \u00f6kumenische Theologie), die Sch\u00f6pfung, die Religionen und das Verh\u00e4ltnis der Kirche.<\/p>\n<\/div>\n<\/div>\n<\/div>\n<\/div>\n<div class=\"et_pb_row et_pb_row_901\">\n<div class=\"et_pb_column et_pb_column_3_5 et_pb_column_2595  et_pb_css_mix_blend_mode_passthrough\">\n<div class=\"et_pb_module et_pb_image et_pb_image_128\">\n<p><span class=\"et_pb_image_wrap\"><img decoding=\"async\" class=\"wp-image-162792\" title=\"p\u00e4pstlicher-benedikt-xvi-2\" src=\"https:\/\/fundacioncarf.org\/wp-content\/uploads\/2023\/05\/papa-benedicto-xvi-2-1.jpg\" sizes=\"(min-width: 0px) and (max-width: 480px) 480px, (min-width: 481px) and (max-width: 980px) 980px, (min-width: 981px) and (max-width: 1280px) 1280px, (min-width: 1281px) 1920px, 100vw\" srcset=\"https:\/\/fundacioncarf.org\/wp-content\/uploads\/2023\/05\/papa-benedicto-xvi-2-1.jpg 1920w, https:\/\/fundacioncarf.org\/wp-content\/uploads\/2023\/05\/papa-benedicto-xvi-2-1.jpg 1280w, https:\/\/fundacioncarf.org\/wp-content\/uploads\/2023\/05\/papa-benedicto-xvi-2-1.jpg 980w, https:\/\/fundacioncarf.org\/wp-content\/uploads\/2023\/05\/papa-benedicto-xvi-2-1.jpg 480w\" alt=\"papa benedicto xvi\" \/><\/span><\/p>\n<\/div>\n<\/div>\n<\/div>\n<div class=\"et_pb_row et_pb_row_902\">\n<div class=\"et_pb_column et_pb_column_3_5 et_pb_column_2598  et_pb_css_mix_blend_mode_passthrough\">\n<div class=\"et_pb_module et_pb_text et_pb_text_955  et_pb_text_align_left et_pb_bg_layout_light\">\n<div class=\"et_pb_text_inner\">\n<h2>Benedikt XVI.: Demut und Dienst an der Kirche<\/h2>\n<p>Benedikt XVI. war einer der gro\u00dfen Theologen des 20. und 21. Jahrhunderts; ein Intellektueller, der sein ganzes Leben lang durch das Studium der Theologie, durch Forschung und Lehre das Antlitz Gottes gesucht hat. Zur gleichen Zeit war er <strong>ein einfacher Mann,<\/strong> sehr herzlich und sanft, sogar sch\u00fcchtern, der sein Leben ganz in den Dienst der Kirche stellte.<\/p>\n<p>Als er 2005 unter dem Namen Benedikt XVI. zum Papst gew\u00e4hlt wurde, sagte er in einem Interview, er habe w\u00e4hrend des Konklaves \"zum Herrn gebetet, jemanden zu w\u00e4hlen, der st\u00e4rker ist als ich, aber in diesem Gebet hat er mich offensichtlich nicht erh\u00f6rt\". Der Name war kein Zufall, er w\u00e4hlte ihn zu Ehren von Benedikt XV. und Benedikt von Nursia, dem Papst des Friedens bzw. dem Initiator des kl\u00f6sterlichen Lebens im Westen.<\/p>\n<h2>R\u00fccktritt vom Pontifikat<\/h2>\n<p>Eine der \u00fcberraschendsten und dem\u00fctigsten Handlungen von Benedikt XVI. sowie eine Demonstration seines Mutes war die Tatsache seines R\u00fccktritts als Papst. Es war ein historisches Ereignis im Leben der Kirche. Erst 1294, siebenhundert Jahre zuvor, hatte Coelestin V. das Papsttum niedergelegt. Tatsache ist, dass bis dahin niemand dachte, dass der Bischof von Rom eine Altersgrenze hat. Papst Benedikt XVI. hat mit einer jahrhundertealten Tradition gebrochen, und zwar auf eine durchdachte und vern\u00fcnftige Weise.<\/p>\n<p>Aus all diesen Gr\u00fcnden ist und bleibt die Gestalt Benedikts XVI. als Papst, Theologe und ehemaliger Pr\u00e4fekt der Glaubenskongregation von besonderer Bedeutung f\u00fcr die Geschichte der Kirche. Er hatte einen bedeutenden Einfluss auf Franz I. und wird auch die nachfolgenden P\u00e4pste beeinflussen. Seine interpretativen Beitr\u00e4ge zum Zweiten Vatikanischen Konzil haben einige der Linien der katholischen Kirche definiert, ebenso wie die Dutzende von Werken von au\u00dferordentlichem theologischen und metaphysischen Wert, die er geschrieben hat. Sein Verm\u00e4chtnis wird weiterbestehen und H\u00f6hen erreichen, die heute nur schwer in ihrem vollen Ausma\u00df zu w\u00fcrdigen sind.<\/p>\n<\/div>\n<\/div>\n<\/div>\n<\/div>\n<\/div>\n\n\n<hr class=\"wp-block-separator has-alpha-channel-opacity\"\/>\n\n\n\n<p><strong>Bibliographie:<\/strong><\/p>\n\n\n\n<p>- Joseph Ratzinger - Benedikt XVI. Ein Leben in der Kontinuit\u00e4t von Denken und Glauben, Hansj\u00fcrgen Verweyen.<br>- Der p\u00e4pstliche Theologe, Jean-Heiner T\u00fcck.<br>- Die Theologie von Joseph Ratzinger, White P.<\/p>","protected":false},"excerpt":{"rendered":"<p>Die Rufe \"Santo subito\" hallen noch immer auf dem Petersplatz w\u00e4hrend seiner Beerdigung am 5. Januar 2022. Wir von der CARF Foundation m\u00f6chten uns an Papst Benedikt XVI. erinnern und einen Blick auf sein Verm\u00e4chtnis werfen, das aufgrund seiner theologischen und intellektuellen Transzendenz, verbunden mit seiner immensen Demut, von unsch\u00e4tzbarem Wert ist.<\/p>","protected":false},"author":4,"featured_media":183818,"comment_status":"closed","ping_status":"closed","sticky":false,"template":"","format":"standard","meta":{"_acf_changed":false,"give_campaign_id":0,"footnotes":""},"categories":[13],"tags":[],"class_list":["post-183294","post","type-post","status-publish","format-standard","has-post-thumbnail","hentry","category-blog"],"acf":[],"_links":{"self":[{"href":"https:\/\/fundacioncarf.org\/de\/wp-json\/wp\/v2\/posts\/183294","targetHints":{"allow":["GET"]}}],"collection":[{"href":"https:\/\/fundacioncarf.org\/de\/wp-json\/wp\/v2\/posts"}],"about":[{"href":"https:\/\/fundacioncarf.org\/de\/wp-json\/wp\/v2\/types\/post"}],"author":[{"embeddable":true,"href":"https:\/\/fundacioncarf.org\/de\/wp-json\/wp\/v2\/users\/4"}],"replies":[{"embeddable":true,"href":"https:\/\/fundacioncarf.org\/de\/wp-json\/wp\/v2\/comments?post=183294"}],"version-history":[{"count":8,"href":"https:\/\/fundacioncarf.org\/de\/wp-json\/wp\/v2\/posts\/183294\/revisions"}],"predecessor-version":[{"id":201532,"href":"https:\/\/fundacioncarf.org\/de\/wp-json\/wp\/v2\/posts\/183294\/revisions\/201532"}],"wp:featuredmedia":[{"embeddable":true,"href":"https:\/\/fundacioncarf.org\/de\/wp-json\/wp\/v2\/media\/183818"}],"wp:attachment":[{"href":"https:\/\/fundacioncarf.org\/de\/wp-json\/wp\/v2\/media?parent=183294"}],"wp:term":[{"taxonomy":"category","embeddable":true,"href":"https:\/\/fundacioncarf.org\/de\/wp-json\/wp\/v2\/categories?post=183294"},{"taxonomy":"post_tag","embeddable":true,"href":"https:\/\/fundacioncarf.org\/de\/wp-json\/wp\/v2\/tags?post=183294"}],"curies":[{"name":"wp","href":"https:\/\/api.w.org\/{rel}","templated":true}]}}