{"id":183259,"date":"2026-09-05T02:00:00","date_gmt":"2026-09-05T00:00:00","guid":{"rendered":"https:\/\/staging.fundacioncarf.org\/como-funciona-la-fe\/"},"modified":"2026-09-03T16:47:19","modified_gmt":"2026-09-03T14:47:19","slug":"como-vivir-la-fe-fundacion-carf","status":"publish","type":"post","link":"https:\/\/fundacioncarf.org\/de\/como-vivir-la-fe-fundacion-carf\/","title":{"rendered":"Wie l\u00e4sst sich der Glaube leben? Was ist er und in welcher Beziehung steht er zur Vernunft?"},"content":{"rendered":"<p class=\"wp-block-paragraph\">Es gibt Fragen, die den Menschen seit jeher besch\u00e4ftigen: Gibt es Gott? Warum sind wir hier? Welchen Sinn hat unser Leben? K\u00f6nnen wir die Wahrheit erkennen? Was geschieht nach dem Tod?<\/p>\n\n\n\n<p class=\"wp-block-paragraph\">Der christliche Glaube fordert nicht dazu auf, diese Fragen nicht mehr zu stellen. Im Gegenteil, <strong>Der Glaube strebt nach Verst\u00e4ndnis<\/strong> und st\u00fctzt sich zudem auf die Intelligenz, die Freiheit und die menschliche Erfahrung.<\/p>\n\n\n\n<p class=\"wp-block-paragraph\">F\u00fcr einen Christen bedeutet Glauben nicht, die Augen vor der Realit\u00e4t zu verschlie\u00dfen. Es bedeutet vielmehr, sie f\u00fcr eine gr\u00f6\u00dfere Realit\u00e4t zu \u00f6ffnen: die M\u00f6glichkeit, dass Gott existiert, uns kennt, uns liebt und eine Beziehung zu uns aufbauen m\u00f6chte.<\/p>\n\n\n\n<h3 id=\"que-es-la-fe\" class=\"wp-block-heading\">Was ist Glaube?<\/h3>\n\n\n\n<p class=\"wp-block-paragraph\">Der Glaube ist in erster Linie, <strong>eine pers\u00f6nliche Antwort des Menschen an Gott<\/strong>. Der Katechismus der Katholischen Kirche erkl\u00e4rt, dass Gott sich dem Menschen offenbart und ihn einl\u00e4dt, in Gemeinschaft mit ihm zu treten. Die Antwort auf diese Einladung ist der Glaube: eine pers\u00f6nliche Bindung an Gott und zugleich eine freiwillige Zustimmung zu den Wahrheiten, die er offenbart hat.<\/p>\n\n\n\n<p class=\"wp-block-paragraph\">Deshalb besteht der Glaube nicht einfach darin, zu akzeptieren, dass \u00abGott existiert\u00bb. Zu glauben bedeutet, auf Ihn zu vertrauen und das eigene Leben entsprechend diesem Vertrauen auszurichten.<\/p>\n\n\n\n<p class=\"wp-block-paragraph\">F\u00fcr den Christen ist der Glaube an Gott zudem untrennbar mit dem Glauben an Jesus Christus, den menschgewordenen Sohn Gottes, und an den Heiligen Geist verbunden. Der Glaube ist daher, <strong>eine lebendige Beziehung zu Gott<\/strong>.<\/p>\n\n\n\n<p class=\"wp-block-paragraph\">Es geht nicht nur darum, eine Reihe religi\u00f6ser Wahrheiten zu kennen, sondern darum, eine Person kennenzulernen und zuzulassen, dass diese Begegnung unsere Art zu denken, zu entscheiden und zu leben ver\u00e4ndert.<\/p>\n\n\n\n<h3 id=\"la-fe-es-un-don-de-dios\" class=\"wp-block-heading\">Ist der Glaube eine Gabe Gottes?<\/h3>\n\n\n\n<p class=\"wp-block-paragraph\">Die Kirche lehrt, dass <strong>Der Glaube ist eine Gabe Gottes<\/strong>, eine Gnade, die Er dem Menschen schenkt. Das bedeutet jedoch nicht, dass wir automatisch glauben oder dass unsere Freiheit dadurch verloren geht.<\/p>\n\n\n\n<p class=\"wp-block-paragraph\">Der Katechismus erkl\u00e4rt, dass wir zum Glauben die Gnade Gottes und das innere Wirken des Heiligen Geistes ben\u00f6tigen, aber auch, dass der Glaube ein wahrhaft menschlicher Akt ist. Verstand und Wille wirken mit der Gnade zusammen.<\/p>\n\n\n\n<p class=\"wp-block-paragraph\">Man k\u00f6nnte sagen, dass Gott den ersten Schritt tut, aber auf unsere Antwort wartet. Deshalb l\u00e4sst sich der Glaube nicht aufzwingen. Er ist eine freie Antwort auf eine Einladung. Gott kommt dem Menschen entgegen und spricht zu ihm; der Mensch kann zuh\u00f6ren, suchen, fragen, diesen Ruf annehmen und darauf antworten.<\/p>\n\n\n\n<figure class=\"wp-block-image size-full\"><img decoding=\"async\" width=\"1000\" height=\"667\" src=\"https:\/\/fundacioncarf.org\/wp-content\/uploads\/2026\/09\/vivir-la-fe-catolica.webp\" alt=\"Vivir la fe cat\u00f3lica\" class=\"wp-image-233030\" style=\"aspect-ratio:1.4992888417882142\" srcset=\"https:\/\/fundacioncarf.org\/wp-content\/uploads\/2026\/09\/vivir-la-fe-catolica.webp 1000w, https:\/\/fundacioncarf.org\/wp-content\/uploads\/2026\/09\/vivir-la-fe-catolica-300x200.webp 300w, https:\/\/fundacioncarf.org\/wp-content\/uploads\/2026\/09\/vivir-la-fe-catolica-150x100.webp 150w, https:\/\/fundacioncarf.org\/wp-content\/uploads\/2026\/09\/vivir-la-fe-catolica-768x512.webp 768w, https:\/\/fundacioncarf.org\/wp-content\/uploads\/2026\/09\/vivir-la-fe-catolica-18x12.webp 18w\" sizes=\"(max-width: 1000px) 100vw, 1000px\" \/><\/figure>\n\n\n\n<h3 id=\"fe-y-razon-son-compatibles\" class=\"wp-block-heading\">Glaube und Vernunft: Sind sie miteinander vereinbar?<\/h3>\n\n\n\n<p class=\"wp-block-paragraph\">Eine der am h\u00e4ufigsten gestellten Fragen lautet genau wie folgt: <strong>Kann man an Gott glauben und gleichzeitig ein vern\u00fcnftiger Mensch sein?<\/strong><\/p>\n\n\n\n<p class=\"wp-block-paragraph\">Die Antwort der Kirche lautet: Ja. Glaube und Vernunft sind keine Gegens\u00e4tze. Sie befassen sich mit unterschiedlichen Dimensionen der Wirklichkeit, doch beide tragen gemeinsam zur Suche nach der Wahrheit bei.<\/p>\n\n\n\n<p class=\"wp-block-paragraph\">Der Glaube verlangt nicht, dass man etwas als wahr akzeptiert, nur weil man es nicht verstehen kann. Er bedeutet auch nicht, auf die Vernunft zu verzichten. Der Katechismus bekr\u00e4ftigt, dass die Zustimmung des Glaubens kein blinder Akt ist und dass es Glaubw\u00fcrdigkeitsgr\u00fcnde gibt, die verdeutlichen, dass das Glauben nicht irrational ist.<\/p>\n\n\n\n<p class=\"wp-block-paragraph\">Die Vernunft kann uns dazu veranlassen, \u00fcber die Existenz Gottes nachzudenken und zu erkennen, dass sich die Wirklichkeit nicht auf das beschr\u00e4nkt, was wir direkt messen oder erfahren k\u00f6nnen. Der Glaube hingegen erm\u00f6glicht es uns, eine Wahrheit anzunehmen, die Gott selbst offenbart und die \u00fcber das hinausgeht, was die menschliche Vernunft aus eigener Kraft erreichen k\u00f6nnte.<\/p>\n\n\n\n<p class=\"wp-block-paragraph\">Das ist der Grund, <strong>Glaube und Vernunft bed\u00fcrfen einander und bereichern sich gegenseitig<\/strong>. Auch die wissenschaftliche Forschung muss, wenn sie ordnungsgem\u00e4\u00df betrieben wird, nicht zwangsl\u00e4ufig im Widerspruch zum Glauben stehen. Die Wissenschaft erforscht die nat\u00fcrliche Wirklichkeit mit ihren eigenen Methoden; der Glaube \u00f6ffnet den Verstand f\u00fcr Fragen nach ihrem letzten Sinn und nach dem Geheimnis Gottes.<\/p>\n\n\n\n<p class=\"wp-block-paragraph\"><strong>Glauben bedeutet nicht, einfach alles zu glauben<\/strong><\/p>\n\n\n\n<p class=\"wp-block-paragraph\">Manchmal verwenden wir das Wort \u00abGlaube\u00bb, um einfach damit auszudr\u00fccken, dass wir Vertrauen in etwas oder jemanden haben. Der christliche Glaube hat jedoch einen konkreten Inhalt. Es ist nicht dasselbe, zu sagen: \u00abIch vertraue darauf, dass alles gut wird\u00bb, wie zu bekr\u00e4ftigen: \u00abIch glaube an Gott\u00bb.<\/p>\n\n\n\n<p class=\"wp-block-paragraph\">Im ersten Fall bringen wir eine pers\u00f6nliche Hoffnung oder Zuversicht zum Ausdruck. Im zweiten Fall sprechen wir von einer Verbundenheit mit Gott und der Offenbarung, die Er uns mitgeteilt hat.<\/p>\n\n\n\n<p class=\"wp-block-paragraph\">Der eigentliche Grund f\u00fcr den christlichen Glauben liegt nicht darin, dass sich alle offenbarten Wahrheiten mit unserem nat\u00fcrlichen Verstand beweisen lassen, sondern im Vertrauen auf <strong>Gott, der sich offenbart und der sich selbst nicht t\u00e4uschen kann und uns nicht t\u00e4uschen kann<\/strong>.<\/p>\n\n\n\n<p class=\"wp-block-paragraph\"><strong>Wie wirkt sich der Glaube auf das Leben eines Menschen aus?<\/strong><\/p>\n\n\n\n<p class=\"wp-block-paragraph\">Der Glaube beginnt als Antwort, wird aber sp\u00e4ter zu einem Weg. Der Glaube ver\u00e4ndert nach und nach die Art und Weise, wie man die Wirklichkeit betrachtet.<\/p>\n\n\n\n<p class=\"wp-block-paragraph\">Ein Mensch, der im Glauben lebt, kann weiterhin Probleme, Zweifel, Leiden und Momente der Finsternis erleben. Der Unterschied besteht darin, dass er versucht, diese aus einer neuen Zuversicht heraus zu erleben: <strong>Sie ist nicht allein, und ihr Leben hat einen Sinn, der \u00fcber die unmittelbaren Umst\u00e4nde hinausgeht<\/strong>.<\/p>\n\n\n\n<p class=\"wp-block-paragraph\">Der Glaube hilft dabei, Arbeit, Familie, zwischenmenschliche Beziehungen, Leid, Entscheidungen und auch Momente der Freude aus einem anderen Blickwinkel zu betrachten. Er beseitigt die Schwierigkeiten nicht, kann aber die Art und Weise ver\u00e4ndern, wie man ihnen begegnet. Deshalb ist der christliche Glaube nicht nur etwas, wor\u00fcber man nachdenkt. <strong>Das muss man selbst erleben.<\/strong><\/p>\n\n\n\n<h4 class=\"wp-block-heading\">Wie l\u00e4sst sich der Glaube st\u00e4rken?<\/h4>\n\n\n\n<p class=\"wp-block-paragraph\">Der Glaube ist eine Gabe, muss aber auch angenommen, gepflegt und gen\u00e4hrt werden. Wie bei jeder pers\u00f6nlichen Beziehung w\u00e4chst auch die Freundschaft mit Gott, wenn man ihr Zeit widmet.<\/p>\n\n\n\n<p class=\"wp-block-paragraph\"><strong>1. Mit dem Gebet<\/strong><\/p>\n\n\n\n<p class=\"wp-block-paragraph\"><strong>Das Gebet ist der Dialog mit Gott.<\/strong> Man muss nicht mit gro\u00dfen Reden beginnen. Manchmal reicht es schon, ganz einfach mit Ihm zu sprechen: Ihm zu danken, Ihn um Hilfe zu bitten, Ihm unsere Sorgen anzuvertrauen oder einfach ein paar Minuten in Seiner Gegenwart zu schweigen.<\/p>\n\n\n\n<p class=\"wp-block-paragraph\"><strong>2. Mit der Heiligen Schrift<\/strong><\/p>\n\n\n\n<p class=\"wp-block-paragraph\">Die Bibel nimmt im Glaubensleben einen zentralen Platz ein, da sie es erm\u00f6glicht, die Heilsgeschichte und insbesondere Jesus Christus kennenzulernen.<\/p>\n\n\n\n<p class=\"wp-block-paragraph\">Im Februar 2026 widmete Leo XIV. eine seiner Katechesen der Verfassung <em>Dei Verbum<\/em> und erinnerte an die tiefe Verbindung zwischen dem Wort Gottes, der Kirche und dem Glauben. Er wies darauf hin, dass die Heilige Schrift ihren festen Platz in der christlichen Gemeinschaft habe und dass ihre Lekt\u00fcre zur Begegnung mit Christus und zum Dialog mit Gott f\u00fchre.<\/p>\n\n\n\n<p class=\"wp-block-paragraph\">Das Evangelium zu lesen, dar\u00fcber nachzudenken und uns zu fragen, was es uns heute zu sagen hat, kann auf diese Weise zu einer wahren Schule des Glaubens werden.<\/p>\n\n\n\n<p class=\"wp-block-paragraph\"><strong>3. Durch die Sakramente<\/strong><\/p>\n\n\n\n<p class=\"wp-block-paragraph\">Der Glaube wird nicht nur im Inneren jedes Einzelnen gelebt. <strong>Die Sakramente helfen uns, Christus zu begegnen und unsere Beziehung zu ihm zu vertiefen.<\/strong><\/p>\n\n\n\n<p class=\"wp-block-paragraph\">In ihnen begleitet uns Gott in den verschiedenen Phasen unseres christlichen Lebens. <a href=\"https:\/\/fundacioncarf.org\/bautizar-ninos-pequenos-esperar-o-no\/\" data-type=\"link\" data-id=\"https:\/\/fundacioncarf.org\/bautizar-ninos-pequenos-esperar-o-no\/\" target=\"_blank\" rel=\"noreferrer noopener\">Die Taufe<\/a> Sie nimmt uns in die Kirche auf, und in der Eucharistie empfangen wir Christus und verbinden uns auf besondere Weise mit ihm. Deshalb, <strong>Die Teilnahme an den Sakramenten ist ebenfalls eine M\u00f6glichkeit, unseren Glauben zu n\u00e4hren und zu st\u00e4rken<\/strong>.<\/p>\n\n\n\n<figure class=\"wp-block-image size-full\"><img decoding=\"async\" width=\"1000\" height=\"667\" src=\"https:\/\/fundacioncarf.org\/wp-content\/uploads\/2026\/09\/comunion-fe-catolica.webp\" alt=\"Comuni\u00f3n\" class=\"wp-image-233029\" style=\"aspect-ratio:1.4992888417882142\" srcset=\"https:\/\/fundacioncarf.org\/wp-content\/uploads\/2026\/09\/comunion-fe-catolica.webp 1000w, https:\/\/fundacioncarf.org\/wp-content\/uploads\/2026\/09\/comunion-fe-catolica-300x200.webp 300w, https:\/\/fundacioncarf.org\/wp-content\/uploads\/2026\/09\/comunion-fe-catolica-150x100.webp 150w, https:\/\/fundacioncarf.org\/wp-content\/uploads\/2026\/09\/comunion-fe-catolica-768x512.webp 768w, https:\/\/fundacioncarf.org\/wp-content\/uploads\/2026\/09\/comunion-fe-catolica-18x12.webp 18w\" sizes=\"(max-width: 1000px) 100vw, 1000px\" \/><\/figure>\n\n\n\n<p class=\"wp-block-paragraph\"><strong>4. Mit der christlichen Gemeinschaft<\/strong><\/p>\n\n\n\n<p class=\"wp-block-paragraph\">Auch der Glaube ist nicht dazu bestimmt, in Einsamkeit gelebt zu werden. Die Kirche ist eine Gemeinschaft von Gl\u00e4ubigen, die gemeinsam ihren Weg gehen, sich gegenseitig helfen, f\u00fcreinander beten und die Mission teilen, das Evangelium zu verk\u00fcnden.<\/p>\n\n\n\n<p class=\"wp-block-paragraph\">Die christliche Gemeinschaft hilft uns auch, wenn unser eigener Glaube nachl\u00e4sst. Es gibt Momente, in denen wir uns auf den Glauben anderer Menschen st\u00fctzen m\u00fcssen.<\/p>\n\n\n\n<p class=\"wp-block-paragraph\"><strong>5. In N\u00e4chstenliebe<\/strong><\/p>\n\n\n\n<p class=\"wp-block-paragraph\">An Gott zu glauben bedeutet auch, zu lernen, den N\u00e4chsten mit anderen Augen zu sehen, insbesondere diejenigen, die leiden oder Hilfe ben\u00f6tigen.<\/p>\n\n\n\n<p class=\"wp-block-paragraph\">Glaube und N\u00e4chstenliebe sind keine zwei getrennten Wege. Die Begegnung mit Gott ver\u00e4ndert unsere Beziehung zu unseren Mitmenschen und spornt uns zum Dienen an.<\/p>\n\n\n\n<p class=\"wp-block-paragraph\"><strong>Der Glaube in einer sich wandelnden Welt<\/strong><\/p>\n\n\n\n<p class=\"wp-block-paragraph\">Im Jahr 2026 sind wir von wissenschaftlichen und technologischen Fortschritten umgeben, die unsere Art zu arbeiten, zu kommunizieren und sogar uns selbst zu verstehen, grundlegend ver\u00e4ndern.<\/p>\n\n\n\n<p class=\"wp-block-paragraph\">In seiner Enzyklika <em>Magnifica Humanitas<\/em>, In seiner am 15. Mai 2026 ver\u00f6ffentlichten Enzyklika reflektiert Leo XIV. gerade \u00fcber den Menschen im Zeitalter der k\u00fcnstlichen Intelligenz und erinnert daran, dass die wahre Erf\u00fcllung des Menschen nicht darin besteht, seine Grenzen durch Technologie zu \u00fcberwinden, sondern sich der Gnade Gottes zu \u00f6ffnen und in der Liebe zu wachsen.<\/p>\n\n\n\n<p class=\"wp-block-paragraph\">Dieser Ansatz kn\u00fcpft an eine wesentliche Frage des Glaubens an: <strong>Was macht den Menschen wirklich gl\u00fccklich?<\/strong><\/p>\n\n\n\n<p class=\"wp-block-paragraph\">Wir verf\u00fcgen vielleicht \u00fcber mehr Informationen, mehr Technologie und mehr M\u00f6glichkeiten als je zuvor, und dennoch stellen wir uns weiterhin dieselben grundlegenden Fragen. Wer bin ich? Wozu lebe ich? Wem kann ich mein Leben anvertrauen? Wo liegt das wahre Gl\u00fcck?<\/p>\n\n\n\n<h2 id=\"la-fe-se-convierte-en-una-forma-de-vivir\" class=\"wp-block-heading\">Der Glaube wird zu einer Lebensweise<\/h2>\n\n\n\n<p class=\"wp-block-paragraph\">Leo XIV. erinnerte daran <a href=\"https:\/\/www.vatican.va\/content\/leo-xiv\/es\/apost_letters\/documents\/20251123-in-unitate-fidei.html\" data-type=\"link\" data-id=\"https:\/\/www.vatican.va\/content\/leo-xiv\/es\/apost_letters\/documents\/20251123-in-unitate-fidei.html\" target=\"_blank\" rel=\"noreferrer noopener\">in seinem Apostolischen Schreiben <em>In der Einheit des Glaubens<\/em><\/a>, die anl\u00e4sslich des 1700. Jahrestags des Konzils von Nic\u00e4a ver\u00f6ffentlicht wurde, dass das Glaubensbekenntnis nicht blo\u00df bei Worten stehen bleiben darf. Wie der Papst betont, <strong>\u00abWas wir mit dem Mund aussprechen, muss aus dem Herzen kommen, damit es sich im Leben widerspiegelt.\u00bb<\/strong>. Deshalb l\u00e4dt er uns dazu ein, uns zu fragen, ob wir das, was wir jeden Sonntag im Glaubensbekenntnis bekennen, wirklich verstehen und leben.<\/p>\n\n\n\n<p class=\"wp-block-paragraph\">Dies ist vielleicht eine der besten M\u00f6glichkeiten, um zu verstehen, wie der Glaube funktioniert: <strong>Der Glaube beschr\u00e4nkt sich nicht auf das, woran wir glauben: Er ver\u00e4ndert unsere Lebensweise.<\/strong><\/p>\n\n\n\n<p class=\"wp-block-paragraph\" id=\"la-fe-una-respuesta-a-la-llamada-de-dios\"><strong>Der Glaube: eine Antwort auf den Ruf Gottes<\/strong><\/p>\n\n\n\n<p class=\"wp-block-paragraph\">Gott kommt uns entgegen, offenbart sich uns und l\u00e4dt uns ein, eine Beziehung zu ihm aufzubauen. Doch er erwartet eine freie Antwort. Deshalb kann uns die Frage \u00abWie funktioniert der Glaube?\u00bb letztendlich zu einer weitaus pers\u00f6nlicheren Frage f\u00fchren: <strong>Was soll ich mit der Einladung tun, die Gott mir ausspricht?<\/strong><\/p>\n\n\n\n<p class=\"wp-block-paragraph\">Die Antwort jedes Einzelnen ist einzigartig. F\u00fcr manche beginnt sie mit einer Frage. F\u00fcr andere mit einer Schwierigkeit. F\u00fcr wieder andere mit dem Zeugnis einer Person, einer Lekt\u00fcre, einem Gespr\u00e4ch oder einem Moment des Gebets.<\/p>\n\n\n\n<p class=\"wp-block-paragraph\">Der Weg kann immer beginnen. Denn der Glaube besteht nicht darin, bereits vor dem ersten Schritt alle Antworten zu kennen. Er besteht darin, <strong>den Mut aufbringen, Gott zu suchen, auf Ihn zu vertrauen und zuzulassen, dass dieses Vertrauen unser Leben ver\u00e4ndert<\/strong>.<\/p>\n\n\n\n<hr class=\"wp-block-separator has-alpha-channel-opacity\"\/>\n\n\n\n<p class=\"wp-block-paragraph\">Originalartikel von <strong>Francisco Varo Pineda<\/strong>, Universit\u00e4t Navarra, Theologische Fakult\u00e4t.<\/p>\n\n\n\n<hr class=\"wp-block-separator has-alpha-channel-opacity\"\/>\n\n\n\n<div class=\"wp-block-rank-math-toc-block\" id=\"rank-math-toc\"><h2>Inhaltsverzeichnis<\/h2><nav><ul><li><a href=\"#que-es-la-fe\">Was ist Glaube?<\/a><\/li><li><a href=\"#la-fe-es-un-don-de-dios\">Ist der Glaube eine Gabe Gottes?<\/a><\/li><li><a href=\"#fe-y-razon-son-compatibles\">Glaube und Vernunft: Sind sie miteinander vereinbar?<\/a><\/li><\/ul><\/nav><\/div>\n\n\n\n<hr class=\"wp-block-separator has-alpha-channel-opacity\"\/>","protected":false},"excerpt":{"rendered":"<p>Ist es vern\u00fcnftig, an Gott zu glauben? Sind Glaube und Vernunft miteinander vereinbar? Ist der Glaube ein Gef\u00fchl, eine Entscheidung oder eine Gabe Gottes? Der christliche Glaube besteht nicht darin, gedankenlos zu glauben, sondern darin, frei auf Gott zu antworten, der uns entgegenkommt. Wir entdecken, was der Glaube ist, wie er funktioniert und wie wir ihn jeden Tag leben und st\u00e4rken k\u00f6nnen.<\/p>","protected":false},"author":4,"featured_media":233025,"comment_status":"open","ping_status":"closed","sticky":false,"template":"","format":"standard","meta":{"_acf_changed":false,"footnotes":""},"categories":[13],"tags":[196,197,452,7,8,6],"class_list":["post-183259","post","type-post","status-publish","format-standard","has-post-thumbnail","hentry","category-blog","tag-dios","tag-fe","tag-fe-catolica","tag-oracion","tag-sacramentos","tag-vida-cristiana"],"acf":[],"_links":{"self":[{"href":"https:\/\/fundacioncarf.org\/de\/wp-json\/wp\/v2\/posts\/183259","targetHints":{"allow":["GET"]}}],"collection":[{"href":"https:\/\/fundacioncarf.org\/de\/wp-json\/wp\/v2\/posts"}],"about":[{"href":"https:\/\/fundacioncarf.org\/de\/wp-json\/wp\/v2\/types\/post"}],"author":[{"embeddable":true,"href":"https:\/\/fundacioncarf.org\/de\/wp-json\/wp\/v2\/users\/4"}],"replies":[{"embeddable":true,"href":"https:\/\/fundacioncarf.org\/de\/wp-json\/wp\/v2\/comments?post=183259"}],"version-history":[{"count":7,"href":"https:\/\/fundacioncarf.org\/de\/wp-json\/wp\/v2\/posts\/183259\/revisions"}],"predecessor-version":[{"id":233705,"href":"https:\/\/fundacioncarf.org\/de\/wp-json\/wp\/v2\/posts\/183259\/revisions\/233705"}],"wp:featuredmedia":[{"embeddable":true,"href":"https:\/\/fundacioncarf.org\/de\/wp-json\/wp\/v2\/media\/233025"}],"wp:attachment":[{"href":"https:\/\/fundacioncarf.org\/de\/wp-json\/wp\/v2\/media?parent=183259"}],"wp:term":[{"taxonomy":"category","embeddable":true,"href":"https:\/\/fundacioncarf.org\/de\/wp-json\/wp\/v2\/categories?post=183259"},{"taxonomy":"post_tag","embeddable":true,"href":"https:\/\/fundacioncarf.org\/de\/wp-json\/wp\/v2\/tags?post=183259"}],"curies":[{"name":"wp","href":"https:\/\/api.w.org\/{rel}","templated":true}]}}