{"id":183032,"date":"2021-01-07T08:00:00","date_gmt":"2021-01-07T07:00:00","guid":{"rendered":"https:\/\/staging.fundacioncarf.org\/los-planes-de-los-cremades-la-audacia-de-los-imposibles\/"},"modified":"2026-01-12T12:37:40","modified_gmt":"2026-01-12T11:37:40","slug":"los-planes-de-los-cremades-libro","status":"publish","type":"post","link":"https:\/\/fundacioncarf.org\/de\/los-planes-de-los-cremades-libro\/","title":{"rendered":"Die Pl\u00e4ne der Cremades: Die K\u00fchnheit des Unm\u00f6glichen"},"content":{"rendered":"<p><mark class=\"rank-math-highlight\" style=\"background-color: #fee894\">Die Geschichte der Familie Cremades und insbesondere die Figur von Don Javier Cremades Sanz-Pastor (Zaragoza, 27. Januar 1946-Madrid, 7. Januar 2021) ist ein einzigartiges Zeugnis von k\u00fchnem Glauben und kindlichem Vertrauen in Gott.<\/mark> Ihr Buch <em><a href=\"https:\/\/www.amazon.es\/Los-planes-los-Cremades-Josemar%C3%ADa-ebook\/dp\/B086HP2CZK\" data-type=\"link\" data-id=\"https:\/\/www.amazon.es\/Los-planes-los-Cremades-Josemar%C3%ADa-ebook\/dp\/B086HP2CZK\" target=\"_blank\" rel=\"noopener\">Die Pl\u00e4ne der Cremades<\/a><\/em> ist ein zutiefst menschliches Werk, in dem Familienerinnerungen und Anekdoten voller spiritueller Bedeutung zusammenkommen. <mark class=\"rank-math-highlight\" style=\"background-color: #fee894\">Es spiegelt auch die konkrete Erfahrung einer Mutter wider, die es verstand, ihren Kindern den Mut zu vermitteln, den Glauben mutig zu leben.<\/mark><\/p>\n\n\n\n<p>Das Werk l\u00e4sst uns entdecken, wie sich hinter jeder allt\u00e4glichen Geste eine Lektion f\u00fcr das priesterliche Leben und die Hingabe an die Kirche verbergen kann. <a href=\"https:\/\/fundacioncarf.org\/servir-a-la-iglesia\/\" data-type=\"link\" data-id=\"https:\/\/fundacioncarf.org\/servir-a-la-iglesia\/\">Gottesdienst<\/a>.<\/p>\n\n\n\n<h2 class=\"wp-block-heading\" id=\"una-familia-marcada-por-la-confianza-en-dios\">Eine Familie im Zeichen des Vertrauens in Gott<\/h2>\n\n\n\n<p>Don Javiers Mutter, Do\u00f1a Pilar, erscheint in dem Buch als eine Schl\u00fcsselfigur. <mark class=\"rank-math-highlight\" style=\"background-color: #fee894\">Als charakterstarke und hingebungsvolle Frau erzog sie ihre Kinder in einer Umgebung, in der das Vertrauen in Gott nicht abstrakt, sondern real war.<\/mark> Eine der wichtigsten Episoden ereignete sich 1958, als er das Auto von <a href=\"https:\/\/fundacioncarf.org\/san-josemaria-escriva-de-balaguer\/\" data-type=\"link\" data-id=\"https:\/\/fundacioncarf.org\/san-josemaria-escriva-de-balaguer\/\">Der heilige Josemar\u00eda Escriv\u00e1<\/a> durch die Stra\u00dfen von Saragossa. Ohne zu z\u00f6gern beschloss sie, ihm zu folgen, denn sie war \u00fcberzeugt, dass sie ihn bitten sollte, sie und ihre Kinder zu segnen.<\/p>\n\n\n\n<p><mark class=\"rank-math-highlight\" style=\"background-color: #fee894\">Diese Szene, die Don Javier mit Humor und Erstaunen beschreibt, ist ein Beispiel daf\u00fcr, wie K\u00fchnheit aus dem einfachsten Glauben geboren werden kann:<\/mark> <mark class=\"rank-math-highlight\" style=\"background-color: #fee894\">ein Glaube voller Z\u00e4rtlichkeit und der spirituellen Intuition einer Mutter.<\/mark><\/p>\n\n\n\n<figure class=\"wp-block-image size-full\"><img decoding=\"async\" width=\"600\" height=\"672\" src=\"https:\/\/fundacioncarf.org\/wp-content\/uploads\/2023\/05\/familia-cremades-con-san-jose-maria-escriva-de-balaguer-1.jpg\" alt=\"La familia Cremades con san Josemar\u00eda Escriv\u00e1 de Balaguer\" class=\"wp-image-183555\" srcset=\"https:\/\/fundacioncarf.org\/wp-content\/uploads\/2023\/05\/familia-cremades-con-san-jose-maria-escriva-de-balaguer-1.jpg 600w, https:\/\/fundacioncarf.org\/wp-content\/uploads\/2023\/05\/familia-cremades-con-san-jose-maria-escriva-de-balaguer-1-268x300.jpg 268w\" sizes=\"(max-width: 600px) 100vw, 600px\" \/><\/figure>\n\n\n\n<h3 class=\"wp-block-heading\" id=\"la-bendicion-de-san-josemaria-un-gesto-que-marco-a-toda-la-familia\">Der Segen des Heiligen Josemar\u00eda: eine Geste, die die ganze Familie pr\u00e4gte<\/h3>\n\n\n\n<p>Diese Episode, die von der Familie so oft erz\u00e4hlt wird, fasst die Essenz der \u201cPl\u00e4ne\u201d zusammen, die dem Buch seinen Titel geben. <mark class=\"rank-math-highlight\" style=\"background-color: #fee894\">F\u00fcr die Cremades bedeutete das Vertrauen auf Gott, entschlossen zu handeln und neue Wege zu gehen.<\/mark> <mark class=\"rank-math-highlight\" style=\"background-color: #fee894\">Es ging darum, das zu versuchen, was schwierig schien, und davon auszugehen, dass sich die Vorsehung auch durch kleine Gesten manifestiert.<\/mark><\/p>\n\n\n\n<p><mark class=\"rank-math-highlight\" style=\"background-color: #fee894\">Do\u00f1a Pilars Einstellung hatte eine tiefgreifende Wirkung auf ihre Kinder, vor allem auf Javier, der entdeckte, dass sich die Liebe zu Gott in konkreten Initiativen ausdr\u00fcckt und in der F\u00e4higkeit, ohne Angst etwas zu wagen.<\/mark> <mark class=\"rank-math-highlight\" style=\"background-color: #fee894\">So entstand eines der charakteristischen Merkmale seines priesterlichen Lebens.<\/mark><\/p>\n\n\n\n<figure class=\"wp-block-image size-full\"><img decoding=\"async\" width=\"600\" height=\"767\" src=\"https:\/\/fundacioncarf.org\/wp-content\/uploads\/2021\/01\/opus-dei-javier-cremades-sanz-pastor.jpg\" alt=\"Sacerdote mayor con gafas y alzacuellos, mirando a c\u00e1mara con expresi\u00f3n serena.\" class=\"wp-image-175023\" srcset=\"https:\/\/fundacioncarf.org\/wp-content\/uploads\/2021\/01\/opus-dei-javier-cremades-sanz-pastor.jpg 600w, https:\/\/fundacioncarf.org\/wp-content\/uploads\/2021\/01\/opus-dei-javier-cremades-sanz-pastor-235x300.jpg 235w\" sizes=\"(max-width: 600px) 100vw, 600px\" \/><figcaption class=\"wp-element-caption\">Portr\u00e4t von Don Javier Cremades, das N\u00e4he und Gelassenheit in seinem pastoralen Werk vermittelt.<\/figcaption><\/figure>\n\n\n\n<h2 class=\"wp-block-heading\" id=\"un-estilo-sacerdotal-alegre-y-profundamente-humano\">Ein fr\u00f6hlicher und zutiefst menschlicher priesterlicher Stil<\/h2>\n\n\n\n<p>Auf den Seiten des Buches gibt es eine Reihe von Geschichten, die die fr\u00f6hliche, freundliche und zutiefst spirituelle Pers\u00f6nlichkeit von Don Javier zeigen. Sein direkter Stil und seine F\u00e4higkeit, Anekdoten mit Humor zu erz\u00e4hlen, offenbaren eine Art, den Glauben zu leben, die das Heilige nicht vom Allt\u00e4glichen trennt.<\/p>\n\n\n\n<p>Von seinen Teenagerjahren bis zu seiner pastoralen Arbeit erscheint er als ein <a href=\"https:\/\/fundacioncarf.org\/sacerdocio\/que-es-un-sacerdote\/\" data-type=\"link\" data-id=\"https:\/\/fundacioncarf.org\/sacerdocio\/que-es-un-sacerdote\/\">Pfarrer<\/a> der seinen Dienst als st\u00e4ndigen Dienst verstand. <mark class=\"rank-math-highlight\" style=\"background-color: #fee894\">Es geht nicht nur darum, die Lehre zu vermitteln, sondern auch darum, die Menschen mit Geduld zu begleiten und sie mit Sanftmut zu tr\u00f6sten.<\/mark><\/p>\n\n\n\n<p><mark class=\"rank-math-highlight\" style=\"background-color: #fee894\">Viele der Episoden im Buch zeigen, wie Don Javier R\u00fcckschl\u00e4ge und \u00dcberraschungen in Kauf nahm.<\/mark> <mark class=\"rank-math-highlight\" style=\"background-color: #fee894\">Er verwandelte diese Situationen in Gelegenheiten zu liefern.<\/mark> <mark class=\"rank-math-highlight\" style=\"background-color: #fee894\">Seine Mutter lehrte ihn, dass nichts au\u00dferhalb von Gottes Plan liegt, und er wandte diese \u00dcberzeugung auf seinen Dienst an.<\/mark><\/p>\n\n\n\n<p>Die K\u00fchnheit, die er zu Hause gelernt hatte, wurde zu einem pastoralen Stil: <mark class=\"rank-math-highlight\" style=\"background-color: #fee894\">keine Angst vor Herausforderungen zu haben und den Menschen um ihn herum Vertrauen zu vermitteln.<\/mark> <mark class=\"rank-math-highlight\" style=\"background-color: #fee894\">Deshalb beschreibt der Untertitel des Buches, \u201cdie K\u00fchnheit des Unm\u00f6glichen\u201d, eine konkrete Art, seinen Glauben zu leben.<\/mark><\/p>\n\n\n\n<p><mark class=\"rank-math-highlight\" style=\"background-color: #fee894\">Die Bedeutung, die Don Javier der Freundschaft beima\u00df, wird auf den Seiten des Buches deutlich.<\/mark> <mark class=\"rank-math-highlight\" style=\"background-color: #fee894\">Er verstand die priesterliche Arbeit als eine pers\u00f6nliche Begleitung.<\/mark> <mark class=\"rank-math-highlight\" style=\"background-color: #fee894\">Jede Seele verdient Zeit, Aufmerksamkeit und eine freundliche Behandlung.<\/mark><\/p>\n\n\n\n<p><mark class=\"rank-math-highlight\" style=\"background-color: #fee894\">In seinen Schriften finden sich Geschichten von jungen Menschen, die er ermutigte, ihre Berufung zu entdecken, von Paaren, denen er half, ihren Glauben zu st\u00e4rken, und von Menschen, die in ihm einen weisen und fr\u00f6hlichen geistlichen F\u00fchrer fanden.<\/mark><\/p>\n\n\n\n<h3 class=\"wp-block-heading\" id=\"un-testimonio-que-ilumina-la-mision-formativa-de-la-fundacion-carf\"><em>Die Pl\u00e4ne der Cremades<\/em>, ein Zeugnis, das die pr\u00e4gende Mission der CARF Foundation beleuchtet.<\/h3>\n\n\n\n<p>Die Lekt\u00fcre des Buches ist wertvoll f\u00fcr das Verst\u00e4ndnis der Beziehung zwischen K\u00fchnheit und Mission. <mark class=\"rank-math-highlight\" style=\"background-color: #fee894\">Das Vertrauen der Familie Cremades in die Vorsehung war keine Naivit\u00e4t, sondern eine tiefe \u00dcberzeugung, dass Glaube Initiative erfordert.<\/mark> Don Javier setzte diese Vision sein ganzes Leben lang um.<\/p>\n\n\n\n<p><mark class=\"rank-math-highlight\" style=\"background-color: #fee894\">Sein Dienst hatte immer einen konstruktiven und ermutigenden Ton, der andere dazu ermutigen konnte, aufzublicken.<\/mark> Diese Einstellung ist entscheidend f\u00fcr <strong>die Bedeutung der Ausbildung von Priestern verstehen<\/strong> dass wir den heutigen Herausforderungen mit Gelassenheit und Augenma\u00df begegnen.<\/p>\n\n\n\n<p>In diesem Sinne, <em>Die Pl\u00e4ne der Cremades<\/em> hat einen besonderen Wert f\u00fcr <strong><a href=\"https:\/\/fundacioncarf.org\/conoce-fundacion-carf\/\" data-type=\"link\" data-id=\"https:\/\/fundacioncarf.org\/conoce-fundacion-carf\/\">die Aufgabe der CARF Foundation<\/a><\/strong>. Sein Inhalt erinnert daran, dass die <strong><a href=\"https:\/\/fundacioncarf.org\/sacerdocio\/formacion-de-sacerdotes\/\" data-type=\"link\" data-id=\"https:\/\/fundacioncarf.org\/sacerdocio\/formacion-de-sacerdotes\/\">Priesterausbildung<\/a><\/strong> m\u00fcssen durch lebendige Beispiele unterst\u00fctzt werden.<\/p>\n\n\n\n<p><mark class=\"rank-math-highlight\" style=\"background-color: #fee894\">Das Zeugnis christlicher Familien wie der Cremades verdeutlicht, wie wichtig es ist, zuk\u00fcnftige Priester mit einem Geist des Dienens und einem starken Glauben zu erziehen.<\/mark><\/p>\n\n\n\n<p>Dar\u00fcber hinaus l\u00e4dt das Buch zum Nachdenken \u00fcber <strong>die Rolle der Familie bei der Entstehung von Berufen<\/strong>. <mark class=\"rank-math-highlight\" style=\"background-color: #fee894\">Do\u00f1a Pilars Geschichte ist ein Beispiel daf\u00fcr, wie eine Mutter einen entscheidenden Einfluss auf den spirituellen Weg ihrer Kinder haben kann.<\/mark> <mark class=\"rank-math-highlight\" style=\"background-color: #fee894\">Seine Art, seinen Glauben zu leben, und sein Vertrauen in die Vorsehung schufen f\u00fcr Xavier ein g\u00fcnstiges Umfeld, um auf die Stimme Gottes zu h\u00f6ren.<\/mark><\/p>\n\n\n\n<p>Die <strong><a href=\"https:\/\/fundacioncarf.org\/sacerdocio\/\" data-type=\"link\" data-id=\"https:\/\/fundacioncarf.org\/sacerdocio\/\">Seminaristen und Priester<\/a><\/strong> die sich heute darauf vorbereiten <strong>im Dienste der Kirche<\/strong> finden in ihrem Zeugnis einen Aufruf, ihre Wurzeln zu sch\u00e4tzen und eine Dankbarkeit zu kultivieren, die ihr Engagement st\u00e4rkt.<\/p>\n\n\n\n<p>Schlie\u00dflich hinterl\u00e4sst das Buch eine klare Lehre: <mark class=\"rank-math-highlight\" style=\"background-color: #fee894\">Der Glaube, wenn er tief gelebt wird, erweitert den Horizont.<\/mark> <mark class=\"rank-math-highlight\" style=\"background-color: #fee894\">Sie l\u00e4dt zum Handeln ein und macht das t\u00e4gliche Leben zu einer Begegnung mit Gott.<\/mark><\/p>\n\n\n\n<p><mark class=\"rank-math-highlight\" style=\"background-color: #fee894\">Christliche K\u00fchnheit ist kein au\u00dfergew\u00f6hnlicher Charakterzug, sondern eine Haltung, die jeder kultivieren kann.<\/mark> <mark class=\"rank-math-highlight\" style=\"background-color: #fee894\">Es ist ein ruhiger, dem\u00fctiger und ausdauernder Mut, der aus dem Wissen geboren wird, dass Gott diejenigen, die auf ihn vertrauen, nicht im Stich l\u00e4sst.<\/mark><\/p>\n\n\n\n<p><mark class=\"rank-math-highlight\" style=\"background-color: #fee894\">Die Familie Cremades und die Figur des Don Javier bieten ein zeitgen\u00f6ssisches Zeugnis.<\/mark> <mark class=\"rank-math-highlight\" style=\"background-color: #fee894\">Seine Geschichte inspiriert und erinnert uns daran, dass \u201cUnm\u00f6glichkeiten\u201d Gelegenheiten sind, Gott handeln zu lassen.<\/mark><\/p>\n\n\n\n<p><mark class=\"rank-math-highlight\" style=\"background-color: #fee894\">F\u00fcr diejenigen, die in der Ausbildung von Priestern und Seminaristen t\u00e4tig sind, ist dieses Buch eine Einladung, das Vertrauen in die Mission zu erneuern und die Freude an einem verantwortungsvoll gelebten Glauben zu vermitteln.<\/mark><\/p>\n\n\n\n<hr class=\"wp-block-separator has-alpha-channel-opacity\"\/>\n\n\n\n<p><strong>Antonio R. Rubio Plo<\/strong>Hochschulabschluss in Geschichte und Recht.  Schriftstellerin und internationale Analystin @blogculturayfe \/ @arubioplo<\/p>\n\n\n\n<hr class=\"wp-block-separator has-alpha-channel-opacity\"\/>\n\n\n\n<div class=\"wp-block-rank-math-toc-block\" id=\"rank-math-toc\"><p><strong>Inhaltsverzeichnis<\/strong><\/p><nav><ul><li class=\"\"><a href=\"#una-familia-marcada-por-la-confianza-en-dios\">Eine Familie im Zeichen des Vertrauens in Gott<\/a><ul><li class=\"\"><a href=\"#la-bendicion-de-san-josemaria-un-gesto-que-marco-a-toda-la-familia\">Der Segen des Heiligen Josemar\u00eda: eine Geste, die die ganze Familie pr\u00e4gte<\/a><\/li><\/ul><\/li><li class=\"\"><a href=\"#un-estilo-sacerdotal-alegre-y-profundamente-humano\">Ein fr\u00f6hlicher und zutiefst menschlicher priesterlicher Stil<\/a><ul><li class=\"\"><a href=\"#un-testimonio-que-ilumina-la-mision-formativa-de-la-fundacion-carf\">Die Pl\u00e4ne der Cremades, ein Zeugnis, das die pr\u00e4gende Mission der CARF Foundation beleuchtet.<\/a><\/li><\/ul><\/li><\/ul><\/nav><\/div>","protected":false},"excerpt":{"rendered":"<p>Ich lernte Don Javier Cremades kennen, als er Kaplan der Fakult\u00e4t f\u00fcr Journalismus an der Universit\u00e4t Complutense war. Das war vor etwa zwanzig Jahren.<\/p>","protected":false},"author":4,"featured_media":227569,"comment_status":"closed","ping_status":"closed","sticky":false,"template":"","format":"standard","meta":{"_acf_changed":false,"give_campaign_id":0,"footnotes":""},"categories":[13],"tags":[330,6],"class_list":["post-183032","post","type-post","status-publish","format-standard","has-post-thumbnail","hentry","category-blog","tag-formacion-sacerdotal","tag-vida-cristiana"],"acf":[],"_links":{"self":[{"href":"https:\/\/fundacioncarf.org\/de\/wp-json\/wp\/v2\/posts\/183032","targetHints":{"allow":["GET"]}}],"collection":[{"href":"https:\/\/fundacioncarf.org\/de\/wp-json\/wp\/v2\/posts"}],"about":[{"href":"https:\/\/fundacioncarf.org\/de\/wp-json\/wp\/v2\/types\/post"}],"author":[{"embeddable":true,"href":"https:\/\/fundacioncarf.org\/de\/wp-json\/wp\/v2\/users\/4"}],"replies":[{"embeddable":true,"href":"https:\/\/fundacioncarf.org\/de\/wp-json\/wp\/v2\/comments?post=183032"}],"version-history":[{"count":10,"href":"https:\/\/fundacioncarf.org\/de\/wp-json\/wp\/v2\/posts\/183032\/revisions"}],"predecessor-version":[{"id":227596,"href":"https:\/\/fundacioncarf.org\/de\/wp-json\/wp\/v2\/posts\/183032\/revisions\/227596"}],"wp:featuredmedia":[{"embeddable":true,"href":"https:\/\/fundacioncarf.org\/de\/wp-json\/wp\/v2\/media\/227569"}],"wp:attachment":[{"href":"https:\/\/fundacioncarf.org\/de\/wp-json\/wp\/v2\/media?parent=183032"}],"wp:term":[{"taxonomy":"category","embeddable":true,"href":"https:\/\/fundacioncarf.org\/de\/wp-json\/wp\/v2\/categories?post=183032"},{"taxonomy":"post_tag","embeddable":true,"href":"https:\/\/fundacioncarf.org\/de\/wp-json\/wp\/v2\/tags?post=183032"}],"curies":[{"name":"wp","href":"https:\/\/api.w.org\/{rel}","templated":true}]}}