{"id":167713,"date":"2025-03-04T13:30:00","date_gmt":"2025-03-04T12:30:00","guid":{"rendered":"https:\/\/carfundacion.roymo.info\/blog\/miercoles-de-ceniza-cuando-es-que-se-celebra-y-su-significado\/"},"modified":"2025-03-04T13:19:20","modified_gmt":"2025-03-04T12:19:20","slug":"miercoles-de-ceniza-que-se-celebra-y-significado","status":"publish","type":"post","link":"https:\/\/fundacioncarf.org\/de\/miercoles-de-ceniza-que-se-celebra-y-significado\/","title":{"rendered":"Aschermittwoch: wann er stattfindet, was er gefeiert wird und was er bedeutet"},"content":{"rendered":"<div class=\"et_pb_section et_pb_section_21 et_section_regular\">\n<div class=\"et_pb_row et_pb_row_153\">\n<div class=\"et_pb_column et_pb_column_3_5 et_pb_column_395  et_pb_css_mix_blend_mode_passthrough\">\n<div class=\"et_pb_module et_pb_text et_pb_text_138  et_pb_text_align_left et_pb_bg_layout_light\">\n<div class=\"et_pb_text_inner\">\n<p style=\"text-align: center;\">\"Bedenke, dass du Staub bist und zum Staub zur\u00fcckkehren wirst\".<\/p>\n<p>Das Aufbringen der Asche erinnert uns daran, dass unser Leben auf der Erde verg\u00e4nglich ist und dass unser endg\u00fcltiges Leben im Himmel stattfindet.<\/p>\n<h3>Wann ist Aschermittwoch?<\/h3>\n<p>Die <a href=\"https:\/\/opusdei.org\/es-es\/article\/preguntas-cuaresma-jesucristo-iglesia\/\" target=\"_blank\" rel=\"noopener\"><strong>Fastenzeit<\/strong> <\/a>ist eine Zeit von vierzig Tagen, die <strong>beginnt mit Aschermittwoch<\/strong> y <strong>endet am Gr\u00fcndonnerstag, bevor die<em> Messe in coena Domini<\/em> (das Abendmahl), mit dem das Ostertriduum beginnt.<\/strong>\u00a0Dies ist eine <strong>Zeit des Gebets, der Bu\u00dfe und des Fastens<\/strong>. Vierzig Tage, die die Kirche f\u00fcr die Bekehrung des Herzens markiert.<\/p>\n<p>Dieses christliche Fest hat die Besonderheit, dass sich sein Datum jedes Jahr \u00e4ndert, es ist von Ostern und <strong>Auferstehung des Herrn, das Fest, das den gesamten liturgischen Kalender pr\u00e4gt.<\/strong>. Sie kann zwischen dem 4. Februar und dem 10. M\u00e4rz stattfinden. Er wird immer an einem Mittwoch gefeiert.<\/p>\n<\/div>\n<\/div>\n<\/div>\n<\/div>\n<div class=\"et_pb_row et_pb_row_154\">\n<div class=\"et_pb_column et_pb_column_3_5 et_pb_column_398  et_pb_css_mix_blend_mode_passthrough\">\n<div class=\"et_pb_module et_pb_image et_pb_image_17\">\n<p><\/p>\n<figure class=\"wp-block-image size-large\"><img decoding=\"async\" width=\"439\" height=\"1024\" class=\"wp-image-177232 aligncenter\" src=\"https:\/\/fundacioncarf.org\/wp-content\/uploads\/2023\/02\/Ano-liturgico-miercoles-de-ceniza-768x1920.jpg-e1741088743413-439x1024.webp\" alt=\"\" srcset=\"https:\/\/fundacioncarf.org\/wp-content\/uploads\/2023\/02\/Ano-liturgico-miercoles-de-ceniza-768x1920.jpg-e1741088743413-439x1024.webp 439w, https:\/\/fundacioncarf.org\/wp-content\/uploads\/2023\/02\/Ano-liturgico-miercoles-de-ceniza-768x1920.jpg-e1741088743413-129x300.webp 129w, https:\/\/fundacioncarf.org\/wp-content\/uploads\/2023\/02\/Ano-liturgico-miercoles-de-ceniza-768x1920.jpg-e1741088743413-64x150.webp 64w, https:\/\/fundacioncarf.org\/wp-content\/uploads\/2023\/02\/Ano-liturgico-miercoles-de-ceniza-768x1920.jpg-e1741088743413-658x1536.webp 658w, https:\/\/fundacioncarf.org\/wp-content\/uploads\/2023\/02\/Ano-liturgico-miercoles-de-ceniza-768x1920.jpg-e1741088743413-5x12.webp 5w, https:\/\/fundacioncarf.org\/wp-content\/uploads\/2023\/02\/Ano-liturgico-miercoles-de-ceniza-768x1920.jpg-e1741088743413.webp 768w\" sizes=\"(max-width: 439px) 100vw, 439px\" \/><\/figure>\n<h3><span style=\"color: revert; font-size: revert; font-weight: revert;\">Bedeutung des Aschermittwochs<\/span><\/h3>\n<\/div>\n<\/div>\n<\/div>\n<div class=\"et_pb_row et_pb_row_155\">\n<div class=\"et_pb_column et_pb_column_3_5 et_pb_column_401  et_pb_css_mix_blend_mode_passthrough\">\n<div class=\"et_pb_module et_pb_text et_pb_text_139  et_pb_text_align_left et_pb_bg_layout_light\">\n<div class=\"et_pb_text_inner\">\n<p>Das Empfangen der Asche soll uns an unseren Ursprung erinnern, \"<em>Denken Sie daran, dass Sie Staub sind und zum Staub zur\u00fcckkehren werden<\/em>\". Mit einem symbolischen Sinn f\u00fcr Tod, Verfall, Demut und Reue, <strong>Asche hilft uns, in uns selbst zu schauen<\/strong>.<\/p>\n<p>Dieser Blick in das eigene Innere, das Erkennen der eigenen Fehler und der Wunsch, sie zu korrigieren, ist Teil der Dynamik der beiden Schl\u00fcsselworte der Fastenzeit. Indem wir unsere S\u00fcnden anerkennen, <strong>wir bedauern es<\/strong> und sie \u00e4ndern zu wollen, <strong>werden wir.<\/strong><\/p>\n<p>Es ist ein Tag des Lichts im Leben eines Christen, der uns erkennen l\u00e4sst, dass wir schwach sind und dass wir das Leiden, den Tod und die Auferstehung Jesu brauchen, um mit ihm im Himmelreich leben zu k\u00f6nnen.<\/p>\n<h3>Warum zwingen sie uns die Asche auf?<\/h3>\n<p>In der Kirche hat diese Tradition seit dem 9. Jahrhundert \u00fcberlebt und existiert, um uns daran zu erinnern, dass am Ende unseres Lebens, <strong>wir werden nur das mitnehmen, was wir f\u00fcr Gott und f\u00fcr andere Menschen getan haben.<\/strong>.<\/p>\n<p>Die <a href=\"https:\/\/fundacioncarf.org\/es\/la-cuaresma-significado-definicion-oraciones\/\">Mittwoch<\/a> Am Aschermittwoch zeichnet der Priester das Kreuzzeichen mit der Asche auf unsere Stirn, um Bu\u00dfe und Reue zu symbolisieren, w\u00e4hrend er die Worte der Ascheauflegung wiederholt, die von der Heiligen Schrift inspiriert sind:<\/p>\n<ul>\n<li>\"Bedenke, dass du Staub bist und zum Staub zur\u00fcckkehren wirst\". <em>Genesis, 3, 19<\/em><\/li>\n<li>\"Die Zeit ist erf\u00fcllt, und das Reich Gottes ist nahe herbeigekommen; tut Bu\u00dfe und glaubt an das Evangelium.\" <em>Markus 1,15<\/em><\/li>\n<\/ul>\n<p>Diese Worte sollen uns daran erinnern, dass unser letzter Platz im Himmel ist. Sie sollen uns durch die Teilnahme an der Eucharistie und am Leben der N\u00e4chstenliebe noch intensiver in das Ostergeheimnis Jesu, in seinen Tod und seine Auferstehung, eintauchen lassen.<\/p>\n<p><strong>Die Asche<\/strong> sind die Reste des Verzehrs der Str\u00e4u\u00dfe, die am Passionssonntag des Vorjahres gesegnet wurden. <strong>Ein Zeichen, das uns an unsere N\u00e4he zur S\u00fcnde erinnert<\/strong>.<\/p>\n<p>Man kann auch sich selbst in dem Feuer betrachten, das diese Asche erzeugt hat. Das <strong>Feuer ist g\u00f6ttliche Liebe<\/strong> und die <strong>Fastenzeit<\/strong>entsteht, wie das Feuer, das unter der Asche brennt: <strong>dies ist eine Erinnerung an Gottes Gegenwart in unserem Leben.<\/strong>ist die Erkenntnis, dass Gott sich durch Christus arm macht, um unser Leben durch seine Armut zu bereichern.<\/p>\n<p>Eine Zeit der Vorbereitung und Reinigung des Herzens beginnt. Ein Weg, um das Ziel zu erreichen, von Gottes Liebe erf\u00fcllt zu sein.<\/p>\n<\/div>\n<\/div>\n<\/div>\n<\/div>\n<div class=\"et_pb_row et_pb_row_157\">\n<div class=\"et_pb_column et_pb_column_3_5 et_pb_column_407  et_pb_css_mix_blend_mode_passthrough\">\n<div class=\"et_pb_module et_pb_text et_pb_text_141  et_pb_text_align_left et_pb_bg_layout_light\">\n<div class=\"et_pb_text_inner\">\n<h3>Was wird am Aschermittwoch gefeiert?<\/h3>\n<p><strong>Aschermittwoch<\/strong>Es ist ein Fest der Reue, der Bu\u00dfe, aber vor allem der Umkehr. Es ist die <strong>Beginn der Fastenzeit, um Jesus von der W\u00fcste bis zum Tag seines Triumphes am Ostersonntag zu begleiten.<\/strong>.<\/p>\n<figure id=\"attachment_130507\" aria-describedby=\"caption-attachment-130507\" style=\"width: 720px\" class=\"wp-caption alignnone\"><img decoding=\"async\" class=\"wp-image-130507\" title=\"Aschermittwoch\" src=\"https:\/\/fundacioncarf.org\/wp-content\/uploads\/2023\/02\/miercoles-de-cenizas.jpg\" sizes=\"(min-width: 0px) and (max-width: 480px) 480px, (min-width: 481px) 720px, 100vw\" srcset=\"https:\/\/fundacioncarf.org\/wp-content\/uploads\/2023\/02\/miercoles-de-cenizas.jpg 720w, https:\/\/fundacioncarf.org\/wp-content\/uploads\/2023\/02\/miercoles-de-cenizas.jpg 480w\" alt=\"Que se celebra el mi\u00e9rcoles de ceniza\" width=\"720\" height=\"479\" \/><figcaption id=\"caption-attachment-130507\" class=\"wp-caption-text\">Papst Franziskus, als er im Februar 2013 Kardinal von Buenos Aires, Argentinien war. Zelebriert die Heilige Messe am Aschermittwoch in der Metropolitan-Kathedrale (von Filippo Fiorini, Pangea News).<\/figcaption><\/figure>\n<p>Es sollte eine Zeit sein, in der wir \u00fcber unser Leben nachdenken, um zu verstehen, wohin wir gehen, und um zu analysieren, wie wir uns gegen\u00fcber unseren <a href=\"https:\/\/fundacioncarf.org\/es\/familia-cristiana-amoris-laetitia\/\">Familie<\/a> und ganz allgemein mit allen Wesen um uns herum.<\/p>\n<p>In dieser Zeit, in der wir \u00fcber unser Leben nachdenken, m\u00fcssen wir von nun an unser Leben in eine Nachfolge Jesu verwandeln, indem wir unser Verst\u00e4ndnis seiner Botschaft der Liebe vertiefen und <strong>das Sakrament der Vers\u00f6hnung in dieser Fastenzeit zu empfangen<\/strong>.<\/p>\n<p>Diese Vers\u00f6hnung mit Gott besteht aus Reue, Bekenntnis unserer S\u00fcnden, Bu\u00dfe und schlie\u00dflich Bekehrung:<\/p>\n<ul>\n<li>Die <strong>Bu\u00dfe<\/strong> muss aufrichtig sein und es ist gut, dass sie mit der Gewissenspr\u00fcfung beginnt.<\/li>\n<li>Die <strong>Beichte<\/strong> unserer S\u00fcnden wird durch den Priester im Sakrament der Beichte zum Ausdruck gebracht.<\/li>\n<li>Die <strong>Bu\u00dfe <\/strong>Das erste, was wir tun m\u00fcssen, ist nat\u00fcrlich das Gebot des Priesters, aber wir m\u00fcssen es mit dem Gebet fortsetzen, das eine intime Kommunikation mit Gott ist, und mit dem Fasten, das f\u00fcr Verzicht steht.<\/li>\n<li>Schlie\u00dflich ist die <strong>Konvertierung<\/strong> die f\u00fcr die Nachfolge Jesu steht. Erinnern Sie sich an das Wort Jesu, h\u00f6ren Sie zu, lesen Sie das Evangelium, meditieren Sie es und glauben Sie daran. Wir \u00fcbermitteln seine Botschaft mit unseren Taten und unseren Worten.<\/li>\n<\/ul>\n<\/div>\n<\/div>\n<\/div>\n<\/div>\n<div class=\"et_pb_row et_pb_row_158\">\n<div class=\"et_pb_column et_pb_column_1_3 et_pb_column_410  et_pb_css_mix_blend_mode_passthrough\">\n<div class=\"et_pb_module et_pb_text et_pb_text_142 frase-destacada  et_pb_text_align_left et_pb_bg_layout_light\">\n<div class=\"et_pb_text_inner\">\n<p>Im Gedenken an den Tag, an dem Jesus Christus am heiligen Kreuz gestorben ist, \"ist an jedem Freitag, sofern er nicht mit einem Feiertag zusammenf\u00e4llt, Enthaltsamkeit von Fleisch oder anderen Nahrungsmitteln, die von der Bischofskonferenz festgelegt werden, einzuhalten; Fasten und Enthaltsamkeit sind am Aschermittwoch und am Karfreitag einzuhalten\". <em>Codex des kanonischen Rechts, Kanon 1251<\/em><\/p>\n<\/div>\n<\/div>\n<\/div>\n<\/div>\n<div class=\"et_pb_row et_pb_row_159\">\n<div class=\"et_pb_column et_pb_column_3_5 et_pb_column_413  et_pb_css_mix_blend_mode_passthrough\">\n<div class=\"et_pb_module et_pb_text et_pb_text_143  et_pb_text_align_left et_pb_bg_layout_light\">\n<div class=\"et_pb_text_inner\">\n<h3>Fasten und Enthaltsamkeit am Aschermittwoch<\/h3>\n<p>Diese Zeit auf die bestm\u00f6gliche Weise zu leben, <strong>schl\u00e4gt die Kirche drei wichtige Aktivit\u00e4ten vor, die das geistige Wachstum und die innere Abt\u00f6tung f\u00f6rdern sollen:<\/strong> Gebet, Enthaltsamkeit und Fasten. Diese drei Formen der Bu\u00dfe zeigen die Absicht, sich mit Gott, sich selbst und anderen zu vers\u00f6hnen.<\/p>\n<p>Aschermittwoch und Karfreitag sind Tage des Fastens und der Enthaltsamkeit:<\/p>\n<ul>\n<li>Die <strong>Fasten<\/strong> besteht nur aus einer Hauptmahlzeit am Tag.<\/li>\n<li>Die <strong>Abstinenz<\/strong> ist, kein Fleisch zu essen, ist ab dem 14. Lebensjahr verpflichtend und das Fasten ab dem 18. bis zum 59.<\/li>\n<\/ul>\n<p>Auf diese Weise bitten wir Gott um Vergebung, weil wir ihn beleidigt haben, und sagen ihm, dass wir unser Leben \u00e4ndern wollen, um ihm immer zu gefallen.<\/p>\n<h3>Opfer bringen<\/h3>\n<p>Dessen Bedeutung ist \"<em>Dinge heilig machen<\/em>\"Wir m\u00fcssen <strong>tun sie mit Freude<\/strong>Denn es ist aus Liebe zu Gott. Wenn wir das nicht tun, werden wir Mitleid und Mitgef\u00fchl erregen und das ewige Gl\u00fcck verlieren. <strong>Gott ist derjenige, der unser Opfer vom Himmel aus sieht und derjenige, der uns belohnen wird.<\/strong>.<\/p>\n<p>\"Wenn ihr fastet, dann seht nicht traurig aus wie die Heuchler, die ihr Gesicht entstellen, damit die Menschen sehen, dass sie fasten; wahrlich, ich sage euch, sie haben ihren Lohn erhalten. Wenn du fastest, salbe dein Haupt und wasche dein Gesicht, damit die Menschen nicht sehen, dass du fastest, sondern dein Vater, der im Verborgenen ist; und dein Vater, der im Verborgenen sieht, wird es dir vergelten. \" <em>Mt 6,6<\/em>\"<\/p>\n<p>Auf der anderen Seite gibt es das Fasten, das darauf abzielt, Herr \u00fcber unsere Instinkte zu werden, um unser Herz zu befreien.<\/p>\n<p>Wie Jesus sagte: \"Der Mensch lebt nicht vom Brot allein, sondern von jedem Wort, das aus dem Mund Gottes kommt. Zu lernen, das, was wir essen oder trinken wollen, beiseite zu legen, um Gott in unserem Leben Platz zu machen, ist eine weitere hervorragende Art, die Fastenzeit zu leben. <em>Katechismus der Katholischen Kirche 2043<\/em><\/p>\n<h3>Almosen<\/h3>\n<p>Zu dieser Zeit schl\u00e4gt die Kirche eine andere Praxis der Gro\u00dfz\u00fcgigkeit und des Verzichts vor, das Almosen. <strong>Es ist der freiwillige Verzicht auf verschiedene weltliche Befriedigungen.<\/strong> mit der Absicht, Gott zu gefallen und mit der Liebe zu unserem N\u00e4chsten. Wenn wir wissen, wie wir unseren N\u00e4chsten \u00fcber die materiellen Dinge stellen k\u00f6nnen, wird die nat\u00fcrliche Ordnung in uns wiederhergestellt.<\/p>\n<h3>Gebet f\u00fcr Aschermittwoch<\/h3>\n<p>Die <strong>Das Gebet mit offenem Herzen ist die beste Vorbereitung auf Ostern<\/strong>. Das Gebet \u00f6ffnet unser Herz f\u00fcr die Gegenwart des Vaters. Sie erm\u00f6glicht es uns, die Kleinheit unseres Wesens zu erkennen und zu verstehen, dass wir Gott in unserer eigenen Existenz brauchen.<\/p>\n<p>St\u00e4ndiger Dialog mit Gott, bewusste Meditation \u00fcber sein Wort, <strong>ist die pers\u00f6nliche Beziehung, die jeder Christ anstreben sollte<\/strong>. Sie wird st\u00e4rker durch die Beziehung, die durch das Gespr\u00e4ch mit Ihm entsteht.<\/p>\n<p>Das Gebet ist das Ventil, das die Seele mit Sauerstoff versorgt. Es ist die Begegnung mit der bedingungslosen Liebe, die Christus ist.<\/p>\n<p>Wir sind der Lehm der S\u00fcnde, aber der Staub der Asche l\u00e4dt uns ein, uns zu bekehren und an das Evangelium zu glauben, indem wir alles in die H\u00e4nde des Herrn legen und nicht in unsere eigenen H\u00e4nde, denn nur er ist es, der uns vom Tod und der Korruption unseres Lebens befreit.<\/p>\n<\/div>\n<\/div>\n<\/div>\n<\/div>\n<\/div>\n\n\n<hr class=\"wp-block-separator has-alpha-channel-opacity\"\/>\n\n\n\n<p><strong>Bibliographie:<\/strong><\/p>\n\n\n\n<p>Katholisch.net<br><a href=\"https:\/\/opusdei.org\/es-es\/\" data-type=\"link\" data-id=\"https:\/\/opusdei.org\/es-es\/\" target=\"_blank\" rel=\"noopener\">Opus Dei.org&nbsp;<\/a><br>Katechismus der Katholischen Kirche<br>Vaticannews<\/p>","protected":false},"excerpt":{"rendered":"<p>Alle Katholiken sind aufgerufen, die n\u00e4chsten vierzig Tage in tiefer Reflexion zu leben. Mit dem Aschermittwoch begeben wir uns in eine Atmosph\u00e4re der Reue und Umkehr.<\/p>","protected":false},"author":4,"featured_media":214083,"comment_status":"closed","ping_status":"closed","sticky":false,"template":"","format":"standard","meta":{"_acf_changed":false,"give_campaign_id":0,"footnotes":""},"categories":[13],"tags":[11,6],"class_list":["post-167713","post","type-post","status-publish","format-standard","has-post-thumbnail","hentry","category-blog","tag-cuaresma","tag-vida-cristiana"],"acf":[],"_links":{"self":[{"href":"https:\/\/fundacioncarf.org\/de\/wp-json\/wp\/v2\/posts\/167713","targetHints":{"allow":["GET"]}}],"collection":[{"href":"https:\/\/fundacioncarf.org\/de\/wp-json\/wp\/v2\/posts"}],"about":[{"href":"https:\/\/fundacioncarf.org\/de\/wp-json\/wp\/v2\/types\/post"}],"author":[{"embeddable":true,"href":"https:\/\/fundacioncarf.org\/de\/wp-json\/wp\/v2\/users\/4"}],"replies":[{"embeddable":true,"href":"https:\/\/fundacioncarf.org\/de\/wp-json\/wp\/v2\/comments?post=167713"}],"version-history":[{"count":11,"href":"https:\/\/fundacioncarf.org\/de\/wp-json\/wp\/v2\/posts\/167713\/revisions"}],"predecessor-version":[{"id":214080,"href":"https:\/\/fundacioncarf.org\/de\/wp-json\/wp\/v2\/posts\/167713\/revisions\/214080"}],"wp:featuredmedia":[{"embeddable":true,"href":"https:\/\/fundacioncarf.org\/de\/wp-json\/wp\/v2\/media\/214083"}],"wp:attachment":[{"href":"https:\/\/fundacioncarf.org\/de\/wp-json\/wp\/v2\/media?parent=167713"}],"wp:term":[{"taxonomy":"category","embeddable":true,"href":"https:\/\/fundacioncarf.org\/de\/wp-json\/wp\/v2\/categories?post=167713"},{"taxonomy":"post_tag","embeddable":true,"href":"https:\/\/fundacioncarf.org\/de\/wp-json\/wp\/v2\/tags?post=167713"}],"curies":[{"name":"wp","href":"https:\/\/api.w.org\/{rel}","templated":true}]}}